{"id":158078,"date":"2023-06-05T10:43:37","date_gmt":"2023-06-05T08:43:37","guid":{"rendered":"http:\/\/www.messinaoggi.it\/website\/?p=158078"},"modified":"2023-06-05T10:43:40","modified_gmt":"2023-06-05T08:43:40","slug":"il-granchio-di-billy-un-messaggio-di-inclusione","status":"publish","type":"post","link":"https:\/\/www.messinaoggi.it\/website\/2023\/06\/05\/il-granchio-di-billy-un-messaggio-di-inclusione\/","title":{"rendered":"Il Granchio di Billy, un messaggio di inclusione"},"content":{"rendered":"\n<p>Marted\u00ec 6 giugno, alle ore 10.30, alla presenza del sindaco <strong>Federico Basile, <\/strong>nel corso di una conferenza stampa che si terr\u00e0 nella Sala Falcone Borsellino di palazzo Zanca, sar\u00e0 presentata la mostra personale \u201cIl Granchio\u201d di <strong>Billy Dav\u00ec. <\/strong><div id=\"div-gpt-ad-Messinaoggi.it-DSK-300x250-corpoart\" style=\"text-align:center;margin:0 auto;\"><\/div><\/p>\n\n\n\n<p>All\u2019incontro prenderanno parte l\u2019assessore <strong>Massimo Finocchiaro<\/strong> e le assessore <strong>Liana Cannata<\/strong> e<strong> Alessandra Calafiore<\/strong> che a vario titolo unitamente al sindaco Basile hanno accolto le finalit\u00e0 del progetto nel quale l\u2019espressione artistica di Billy rappresenta, oltre alla bellezza delle opere, lo strumento per veicolare il messaggio di inclusione sociale e pi\u00f9 in generale di sensibilizzare e fare comprendere il grado di inclusione dei diversamente abili all\u2019interno delle singole realt\u00e0 locali. <div id=\"videoincontent\" style=\"clear:both\";><\/div><\/p>\n\n\n\n<p>Il giovane artista \u00e8 infatti un ragazzo \u201cspeciale\u201d, che frequenta l\u2019ultimo anno del Liceo artistico \u201cE. Basile\u201d, la cui creativit\u00e0 sar\u00e0 supportata dall\u2019Amministrazione comunale unitamente alla V Municipalit\u00e0, e Fondazioni, Associazioni ed Ordini professionali e liberi professionisti del territorio i quali in sinergia attraverso la creazione di un documento faranno richiesta alla Biennale Internazionale di Venezia per la realizzazione del primo padiglione alla disabilit\u00e0, al fine di offrire a Billy la prestigiosa presenza al suo interno con l\u2019obiettivo di assicurare la continuazione del suo percorso artistico. La mostra, patrocinata dal Comune di Messina, sar\u00e0 inaugurata il 9 giugno prossimo al Palacultura \u201cAntonello\u201d.<\/p>\n","protected":false},"excerpt":{"rendered":"<p>Marted\u00ec 6 giugno, alle ore 10.30, alla presenza del sindaco Federico Basile, nel corso di una conferenza stampa che si terr\u00e0 nella Sala Falcone Borsellino di palazzo Zanca, sar\u00e0 presentata la mostra personale \u201cIl Granchio\u201d di Billy Dav\u00ec. All\u2019incontro prenderanno parte l\u2019assessore Massimo Finocchiaro e le assessore Liana Cannata e Alessandra Calafiore che a vario [&hellip;]<\/p>\n","protected":false},"author":15,"featured_media":158079,"comment_status":"open","ping_status":"open","sticky":false,"template":"","format":"standard","meta":{"ub_ctt_via":"","_mi_skip_tracking":false},"categories":[6],"tags":[3024,4372,2014,2395,8024,5422],"featured_image_src":"https:\/\/www.messinaoggi.it\/website\/wp-content\/uploads\/2023\/06\/mostra-il-granchio.jpeg","author_info":{"display_name":"red.me","author_link":"https:\/\/www.messinaoggi.it\/website\/author\/red-me\/"},"digistream_id":0,"digistream":false,"_links":{"self":[{"href":"https:\/\/www.messinaoggi.it\/website\/wp-json\/wp\/v2\/posts\/158078"}],"collection":[{"href":"https:\/\/www.messinaoggi.it\/website\/wp-json\/wp\/v2\/posts"}],"about":[{"href":"https:\/\/www.messinaoggi.it\/website\/wp-json\/wp\/v2\/types\/post"}],"author":[{"embeddable":true,"href":"https:\/\/www.messinaoggi.it\/website\/wp-json\/wp\/v2\/users\/15"}],"replies":[{"embeddable":true,"href":"https:\/\/www.messinaoggi.it\/website\/wp-json\/wp\/v2\/comments?post=158078"}],"version-history":[{"count":1,"href":"https:\/\/www.messinaoggi.it\/website\/wp-json\/wp\/v2\/posts\/158078\/revisions"}],"predecessor-version":[{"id":158080,"href":"https:\/\/www.messinaoggi.it\/website\/wp-json\/wp\/v2\/posts\/158078\/revisions\/158080"}],"wp:featuredmedia":[{"embeddable":true,"href":"https:\/\/www.messinaoggi.it\/website\/wp-json\/wp\/v2\/media\/158079"}],"wp:attachment":[{"href":"https:\/\/www.messinaoggi.it\/website\/wp-json\/wp\/v2\/media?parent=158078"}],"wp:term":[{"taxonomy":"category","embeddable":true,"href":"https:\/\/www.messinaoggi.it\/website\/wp-json\/wp\/v2\/categories?post=158078"},{"taxonomy":"post_tag","embeddable":true,"href":"https:\/\/www.messinaoggi.it\/website\/wp-json\/wp\/v2\/tags?post=158078"}],"curies":[{"name":"wp","href":"https:\/\/api.w.org\/{rel}","templated":true}]}}