{"id":158072,"date":"2023-06-05T10:37:53","date_gmt":"2023-06-05T08:37:53","guid":{"rendered":"http:\/\/www.messinaoggi.it\/website\/?p=158072"},"modified":"2023-06-05T10:37:53","modified_gmt":"2023-06-05T08:37:53","slug":"gioveni-su-bonus-spesa-il-comune-e-pronto","status":"publish","type":"post","link":"https:\/\/www.messinaoggi.it\/website\/2023\/06\/05\/gioveni-su-bonus-spesa-il-comune-e-pronto\/","title":{"rendered":"Gioveni su bonus spesa: &#8220;Il Comune \u00e8 pronto?&#8221;"},"content":{"rendered":"\n<p>Il consigliere comunale e capogruppo FdI <strong>Libero Gioveni<\/strong>,<strong> <\/strong>interroga il Sindaco, l&#8217;assessora ai servizi sociali <strong>Alessandra Calafiore <\/strong>e l&#8217;assessore ai servizi al cittadino <strong>Massimiliano Minutoli, <\/strong>sui bonus spesa per le famiglie meno abbienti.<div id=\"div-gpt-ad-Messinaoggi.it-DSK-300x250-corpoart\" style=\"text-align:center;margin:0 auto;\"><\/div><\/p>\n\n\n\n<p>&#8220;La Legge 29 dicembre 2022 n. 197 (meglio nota come Legge di Bilancio 2023) ai commi 450 e 451 ha previsto, attraverso il Ministero dell\u2019agricoltura e della sovranit\u00e0 alimentare, la dotazione di <strong>500 milioni di euro<\/strong> per l\u2019anno 2023 da destinare all\u2019<strong>acquisto di beni alimentari di prima necessit\u00e0<\/strong> per le famiglie con valore ISEE non superiore a 15.000 euro.<div id=\"videoincontent\" style=\"clear:both\";><\/div><\/p>\n\n\n\n<p>L\u2019importo del sussidio, che quindi viene meglio identificato come <strong>\u201cbonus spesa\u201d<\/strong>, \u00e8 di <strong>382,50 euro<\/strong>, le cui modalit\u00e0 di erogazione, ivi compresi i requisiti da possedere e le condizioni ostative all\u2019ottenimento, sono stati riportati nel <strong>decreto attuativo ministeriale del 18 aprile 2023<\/strong> pubblicato nella Gazzetta Ufficiale Serie Generale n. 110 del 12 maggio 2023&#8243; spiega Gioveni.<\/p>\n\n\n\n<p>&#8220;Ebbene, il motivo della presente interrogazione \u00e8 legato al fatto che nel testo <strong>vengono coinvolti direttamente i comuni nell\u2019individuazione dei beneficiari<\/strong>; infatti, l\u2019art. 4 del suddetto decreto al comma 1 stabilisce che <em>\u201cI comuni ricevono dall\u2019INPS gli elenchi dei beneficiari del contributo\u2026.\u201d,<\/em> al comma 2 che <em>&#8216;Entro trenta giorni dalla pubblicazione del decreto l\u2019INPS rende disponibile ai singoli comuni gli elenchi di cui al comma 1\u2026<\/em>&#8216; e al comma 3 che <em>&#8216;I comuni verificano la posizione anagrafica dei nuclei familiari contenuti negli elenchi di cui al comma 1\u2026..selezionando i beneficiari sulla base di informazioni rinvenienti dai servizi sociali&#8217; &#8221; <\/em>continua Gioveni.<\/p>\n\n\n\n<p>&#8220;Il bonus viene erogato con carte elettroniche messe a disposizione da Poste Italiane e saranno operative dal mese di luglio 2023 presso gli uffici postali.<\/p>\n\n\n\n<p>Anche l\u2019art. 7 del decreto coinvolge in maniera diretta i comuni, dettando anche i tempi degli adempimenti di loro competenza; infatti, il comma 1 stabilisce che <em>&#8216;I comuni consolidano gli elenchi dei beneficiari entro e non oltre quindici giorni dalla pubblicazione elenchi sul sito INPS\u2026<\/em>&#8216; e dopo che Poste Italiane li riceve, il comma 3 stabilisce che <em>&#8216;I comuni comunicano agli interessati l\u2019assegnazione del beneficio e le modalit\u00e0 di ritiro delle carte presso gli uffici postali abilitati al servizio&#8217; &#8221; <\/em>specifica.<\/p>\n\n\n\n<p>&#8220;Insomma, dai riferimenti sopra riportati, si potr\u00e0 ben <strong>comprendere l\u2019importanza del ruolo dei comuni <\/strong>nella gestione delle procedure per l\u2019assegnazione dei sussidi alle famiglie aventi diritto, dovendo farsi trovare pronti gi\u00e0 evidentemente entro il prossimo 12 giugno ai sensi del suddetto art. 4 comma 2.<\/p>\n\n\n\n<p>Pertanto, in virt\u00f9 di tutto quanto sopra esposto e tenuto conto che parecchie famiglie stanno gi\u00e0 chiedendo lumi sulle varie modalit\u00e0 di concessione del beneficio, il sottoscritto consigliere comunale, interroga le SS.LL. in indirizzo, ognuno per la parte di propria competenza, al fine di conoscere:<\/p>\n\n\n\n<ul type=\"1\"><li><strong>se gli uffici competenti siano perfettamente in grado di ottemperare pienamente alle disposizioni di cui al decreto attuativo del 18 aprile;<\/strong><\/li><\/ul>\n\n\n\n<ul><li><strong>come intendano organizzare il servizio richiesto ai comuni, sia sul fronte delle verifiche anagrafiche, sia su quello delle verifiche di natura sociale legate alle condizioni degli aventi diritto;<\/strong><\/li><\/ul>\n\n\n\n<ul><li><strong>se ritengano sufficiente ed adeguata quindi, visti i tempi ristretti e le diverse incombenze in capo all\u2019Ente, l\u2019organizzazione della macchina amministrativa nell\u2019espletamento di tutte le procedure&#8221; <\/strong>conclude.<\/li><\/ul>\n\n\n\n<p><\/p>\n","protected":false},"excerpt":{"rendered":"<p>Il consigliere comunale e capogruppo FdI Libero Gioveni, interroga il Sindaco, l&#8217;assessora ai servizi sociali Alessandra Calafiore e l&#8217;assessore ai servizi al cittadino Massimiliano Minutoli, sui bonus spesa per le famiglie meno abbienti. &#8220;La Legge 29 dicembre 2022 n. 197 (meglio nota come Legge di Bilancio 2023) ai commi 450 e 451 ha previsto, attraverso [&hellip;]<\/p>\n","protected":false},"author":15,"featured_media":28677,"comment_status":"open","ping_status":"open","sticky":false,"template":"","format":"standard","meta":{"ub_ctt_via":"","_mi_skip_tracking":false},"categories":[4],"tags":[8023,2306,740],"featured_image_src":"https:\/\/www.messinaoggi.it\/website\/wp-content\/uploads\/2019\/01\/Libero-Gioveni.jpg","author_info":{"display_name":"red.me","author_link":"https:\/\/www.messinaoggi.it\/website\/author\/red-me\/"},"digistream_id":0,"digistream":false,"_links":{"self":[{"href":"https:\/\/www.messinaoggi.it\/website\/wp-json\/wp\/v2\/posts\/158072"}],"collection":[{"href":"https:\/\/www.messinaoggi.it\/website\/wp-json\/wp\/v2\/posts"}],"about":[{"href":"https:\/\/www.messinaoggi.it\/website\/wp-json\/wp\/v2\/types\/post"}],"author":[{"embeddable":true,"href":"https:\/\/www.messinaoggi.it\/website\/wp-json\/wp\/v2\/users\/15"}],"replies":[{"embeddable":true,"href":"https:\/\/www.messinaoggi.it\/website\/wp-json\/wp\/v2\/comments?post=158072"}],"version-history":[{"count":1,"href":"https:\/\/www.messinaoggi.it\/website\/wp-json\/wp\/v2\/posts\/158072\/revisions"}],"predecessor-version":[{"id":158077,"href":"https:\/\/www.messinaoggi.it\/website\/wp-json\/wp\/v2\/posts\/158072\/revisions\/158077"}],"wp:featuredmedia":[{"embeddable":true,"href":"https:\/\/www.messinaoggi.it\/website\/wp-json\/wp\/v2\/media\/28677"}],"wp:attachment":[{"href":"https:\/\/www.messinaoggi.it\/website\/wp-json\/wp\/v2\/media?parent=158072"}],"wp:term":[{"taxonomy":"category","embeddable":true,"href":"https:\/\/www.messinaoggi.it\/website\/wp-json\/wp\/v2\/categories?post=158072"},{"taxonomy":"post_tag","embeddable":true,"href":"https:\/\/www.messinaoggi.it\/website\/wp-json\/wp\/v2\/tags?post=158072"}],"curies":[{"name":"wp","href":"https:\/\/api.w.org\/{rel}","templated":true}]}}