{"id":158069,"date":"2023-06-05T10:19:12","date_gmt":"2023-06-05T08:19:12","guid":{"rendered":"http:\/\/www.messinaoggi.it\/website\/?p=158069"},"modified":"2023-06-05T10:19:14","modified_gmt":"2023-06-05T08:19:14","slug":"udc-sottile-nominato-coordinatore-provinciale","status":"publish","type":"post","link":"https:\/\/www.messinaoggi.it\/website\/2023\/06\/05\/udc-sottile-nominato-coordinatore-provinciale\/","title":{"rendered":"Udc, Sottile nominato coordinatore provinciale"},"content":{"rendered":"\n<p>Fabrizio Sottile, una passato da consigliere comunale di Messina e attuale tesoriere dell\u2019ordine dei medici di Messina, \u00e8 stato nominato coordinatore\u00a0 provinciale dell\u2019Udc, per la provincia di Messina.<div id=\"div-gpt-ad-Messinaoggi.it-DSK-300x250-corpoart\" style=\"text-align:center;margin:0 auto;\"><\/div><\/p>\n\n\n\n<p>La nomina \u00e8 stata fatta dal coordinatore regionale Decio Terrana, su indicazione del Segretario Nazionale  l&#8217; On. Lorenzo Cesa, che augura al nuovo coordinatore provinciale come si legge nella nota di nomina: \u201cun proficuo lavoro affinch\u00e9 i principi del nostro partito  possano essere sempre pi\u00f9 presenti e possano crescere sempre di pi\u00f9 sul territorio provinciale&#8221;.<div id=\"videoincontent\" style=\"clear:both\";><\/div><\/p>\n\n\n\n<p>La nomina di Sottile mira a far crescer il partito organizzandolo localmente nelle diverse realt\u00e0 territoriali, grazie anche al contributo di quanti saranno interessati a promuovere i valori politici e moderati dell&#8217; Udc.    <\/p>\n\n\n\n<p>&#8220;Sono pi\u00f9 che sicuro che lavoreremo in grande sinergia, &#8211; ha dichiarato il coordinatore regionale Decio Terrana &#8211;  in una terra come la Sicilia dove il nostro partito \u00e8 ritornato a crescere ed \u00e8 pronto a futuri successi elettorali, grazie all&#8217; impegno serio e proficuo di tanti amici e militanti, oggi ritorna nel messinese lo scudo crociato, un territorio ricco di storia, cultura e dalle grandi potenzialit\u00e0, al dott Sottile \u2013 conclude Terrana \u2013 auguro un buon lavoro promuovendo partecipazione politica e  valide iniziative volte a promuovere l&#8217; interesse per il bene comune&#8221;. <\/p>\n\n\n\n<p> \u201cRingrazio il segretario nazionale Lorenzo Cesa e il coordinatore regionale del partito Decio Terrana, per la fiducia che mi hanno dato &#8211; ha dichiarato Fabrizio Sottile &#8211; so che c\u2019\u00e8  tantissimo lavoro da fare, mi incoraggia il fatto che tanti amici  amministratori e non , mi hanno dato la disponibilit\u00e0 a sposare  il progetto politico dell\u2019Udc,  insieme costruiremo con rinnovata fiducia una nuova stagione politica. Mi preme sottolineare che tale scelta, lontana da ogni  contesto elettorale, ci consente di aggregare quanti aspirano alla costruzione di un rinnovato interesse per il bene dei nostri cittadini e del nostro territorio, ancorata ai valori della legalit\u00e0 e della solidariet\u00e0.<\/p>\n","protected":false},"excerpt":{"rendered":"<p>Fabrizio Sottile, una passato da consigliere comunale di Messina e attuale tesoriere dell\u2019ordine dei medici di Messina, \u00e8 stato nominato coordinatore\u00a0 provinciale dell\u2019Udc, per la provincia di Messina. La nomina \u00e8 stata fatta dal coordinatore regionale Decio Terrana, su indicazione del Segretario Nazionale l&#8217; On. Lorenzo Cesa, che augura al nuovo coordinatore provinciale come si [&hellip;]<\/p>\n","protected":false},"author":2,"featured_media":158070,"comment_status":"open","ping_status":"open","sticky":false,"template":"","format":"standard","meta":{"ub_ctt_via":"","_mi_skip_tracking":false},"categories":[6],"tags":[8022,8021,3948],"featured_image_src":"https:\/\/www.messinaoggi.it\/website\/wp-content\/uploads\/2023\/06\/Sottile-e-Terrana-e1685953116144.jpg","author_info":{"display_name":"Redazione","author_link":"https:\/\/www.messinaoggi.it\/website\/author\/redazione\/"},"digistream_id":0,"digistream":false,"_links":{"self":[{"href":"https:\/\/www.messinaoggi.it\/website\/wp-json\/wp\/v2\/posts\/158069"}],"collection":[{"href":"https:\/\/www.messinaoggi.it\/website\/wp-json\/wp\/v2\/posts"}],"about":[{"href":"https:\/\/www.messinaoggi.it\/website\/wp-json\/wp\/v2\/types\/post"}],"author":[{"embeddable":true,"href":"https:\/\/www.messinaoggi.it\/website\/wp-json\/wp\/v2\/users\/2"}],"replies":[{"embeddable":true,"href":"https:\/\/www.messinaoggi.it\/website\/wp-json\/wp\/v2\/comments?post=158069"}],"version-history":[{"count":1,"href":"https:\/\/www.messinaoggi.it\/website\/wp-json\/wp\/v2\/posts\/158069\/revisions"}],"predecessor-version":[{"id":158071,"href":"https:\/\/www.messinaoggi.it\/website\/wp-json\/wp\/v2\/posts\/158069\/revisions\/158071"}],"wp:featuredmedia":[{"embeddable":true,"href":"https:\/\/www.messinaoggi.it\/website\/wp-json\/wp\/v2\/media\/158070"}],"wp:attachment":[{"href":"https:\/\/www.messinaoggi.it\/website\/wp-json\/wp\/v2\/media?parent=158069"}],"wp:term":[{"taxonomy":"category","embeddable":true,"href":"https:\/\/www.messinaoggi.it\/website\/wp-json\/wp\/v2\/categories?post=158069"},{"taxonomy":"post_tag","embeddable":true,"href":"https:\/\/www.messinaoggi.it\/website\/wp-json\/wp\/v2\/tags?post=158069"}],"curies":[{"name":"wp","href":"https:\/\/api.w.org\/{rel}","templated":true}]}}