{"id":158066,"date":"2023-06-05T10:07:55","date_gmt":"2023-06-05T08:07:55","guid":{"rendered":"https:\/\/www.messinaoggi.it\/website\/2023\/06\/05\/operazione-anti-camorra-19-arresti-e-sequestro-di-beni-nel-napoletano\/"},"modified":"2023-06-05T10:07:55","modified_gmt":"2023-06-05T08:07:55","slug":"operazione-anti-camorra-19-arresti-e-sequestro-di-beni-nel-napoletano","status":"publish","type":"post","link":"https:\/\/www.messinaoggi.it\/website\/2023\/06\/05\/operazione-anti-camorra-19-arresti-e-sequestro-di-beni-nel-napoletano\/","title":{"rendered":"Operazione anti camorra, 19 arresti e sequestro di beni nel napoletano"},"content":{"rendered":"<div>NAPOLI (ITALPRESS) &#8211; I Carabinieri del Nucleo Investigativo di Napoli e di Castello di Cisterna ed i Finanzieri del Gruppo di Giugliano in Campania hanno eseguito &#8211; con il contributo delle rispettive componenti aeree &#8211; un&#8217;ordinanza di custodia cautelare, emessa dal G.I.P. del Tribunale di Napoli su richiesta dei Magistrati della locale Direzione Distrettuale Antimafia, nei confronti di 19 persone (di cui 3 gi\u00e0 detenute), gravemente indiziate, a vario titolo, dei reati di associazione di tipo mafioso, estorsione, violazioni alla normativa sulle armi e sugli stupefacenti e tentato omicidio (tutti aggravati dalle finalit\u00e0 di agevolazione del clan). Le indagini hanno consentito di: documentare, in Villaricca (NA), la perdurante operativit\u00e0 del clan Ferrara &#8211; Cacciapuoti, storicamente rientrante (con quello Nuvoletta di Marano di Napoli e dei Casalesi) nel cartello camorristico denominato Nuova famiglia, collegato all&#8217;ala corleonese dell&#8217;associazione di tipo mafiosa denominata Cosa Nostra e militarmente contrapposto a quello denominato Nuova Camorra Organizzata (capeggiata dal defunto Raffaele Cutolo, ndr); ricostruire la struttura del clan, stabilmente articolato in due distinti gruppi, l&#8217;uno facente capo alla famiglia Ferrara e l&#8217;altro a quella Cacciapuoti, identificandone vertici &#8211; tutti raggiunti dal provvedimento restrittivo &#8211; e parte degli affiliati (l&#8217;organico del clan, per come \u00e8 emerso delle indagini, si attesta su 50 unit\u00e0, alle quali in caso di detenzione spetterebbe &#8220;stipendio&#8221; e copertura delle spese legali).<br \/>Individuare in quella dei Ferrara la frangia a vocazione spiccatamente imprenditoriale (in particolare, nel settore dell&#8217;edilizia, della ristorazione, degli idrocarburi e della commercializzazione di generi alimentari); confermare lo stabile interesse della criminalit\u00e0 organizzata verso il settore degli idorcarburi; accertare che il clan &#8211; che comunque trae parte delle proprie risorse dal traffico di stupefacenti &#8211; ha inteso preservare il territorio da attivit\u00e0 ed attenzioni delle forze di polizia attraverso l&#8217;imposizione di un divieto di spaccio a Villaricca; acclarare 9 ipotesi estorsive, in prevalenza a danno di imprenditori operanti nel settore dell&#8217;edilizia, di titolari di palestre e di sale giochi (in quest&#8217;ultimo caso, il titolare era tenuto a corrispondere 70 euro per ciascun apparato presente in sala), tenuti a versare somme per importi variabili (all&#8217;incirca da 1.500 a 5.000 euro al mese) e destinate ad alimentare la cassa comune; riscontrare il coinvolgimento dei vertici del clan nella latitanza del noto Eduardo Contini, capo dell&#8217;omonimo clan che, unitamente a quelli denominati Licciardi e Mallardo, rientra nel cartello camorristico denominato Alleanza di Secondigliano e si contrappone a quello dei Mazzarella.<br \/>Acquisire elementi in ordine al tentato omicidio commesso da esponente del gruppo Mauriello, articolazione legata ai Ferrara, in danno di esponente dei Cacciapuoti. Contestualmente sar\u00e0 data esecuzione a un decreto di sequestro preventivo emesso in via d&#8217;urgenza, avente ad oggetto societ\u00e0 operanti nel settore immobiliare, edile, degli idrocarburi, della caffetteria e della ristorazione nonch\u00e8 della vendita di generi alimentari, emesso nei confronti degli esponenti di vertice della frangia Ferrara, perch\u00e8 costituite reimpiegando gli ingenti proventi delle attivit\u00e0 del sodalizio mafioso.<div id=\"div-gpt-ad-Messinaoggi.it-DSK-300x250-corpoart\" style=\"text-align:center;margin:0 auto;\"><\/div><\/p>\n<p>foto: ufficio stampa Guardia di Finanza<div id=\"videoincontent\" style=\"clear:both\";><\/div><\/p>\n<p>(ITALPRESS).<\/p><\/div>\n","protected":false},"excerpt":{"rendered":"<p>NAPOLI (ITALPRESS) &#8211; I Carabinieri del Nucleo Investigativo di Napoli e di Castello di Cisterna ed i Finanzieri del Gruppo di Giugliano in Campania hanno eseguito &#8211; con il contributo delle rispettive componenti aeree &#8211; un&#8217;ordinanza di custodia cautelare, emessa dal G.I.P. del Tribunale di Napoli su richiesta dei Magistrati della locale Direzione Distrettuale Antimafia, [&hellip;]<\/p>\n","protected":false},"author":18,"featured_media":158067,"comment_status":"closed","ping_status":"closed","sticky":false,"template":"","format":"standard","meta":{"ub_ctt_via":"","_mi_skip_tracking":false},"categories":[446],"tags":[783],"featured_image_src":"https:\/\/www.messinaoggi.it\/website\/wp-content\/uploads\/2023\/06\/20230605_0102.jpg","author_info":{"display_name":"Admin","author_link":"https:\/\/www.messinaoggi.it\/website\/author\/admin\/"},"digistream_id":0,"digistream":false,"_links":{"self":[{"href":"https:\/\/www.messinaoggi.it\/website\/wp-json\/wp\/v2\/posts\/158066"}],"collection":[{"href":"https:\/\/www.messinaoggi.it\/website\/wp-json\/wp\/v2\/posts"}],"about":[{"href":"https:\/\/www.messinaoggi.it\/website\/wp-json\/wp\/v2\/types\/post"}],"author":[{"embeddable":true,"href":"https:\/\/www.messinaoggi.it\/website\/wp-json\/wp\/v2\/users\/18"}],"replies":[{"embeddable":true,"href":"https:\/\/www.messinaoggi.it\/website\/wp-json\/wp\/v2\/comments?post=158066"}],"version-history":[{"count":0,"href":"https:\/\/www.messinaoggi.it\/website\/wp-json\/wp\/v2\/posts\/158066\/revisions"}],"wp:featuredmedia":[{"embeddable":true,"href":"https:\/\/www.messinaoggi.it\/website\/wp-json\/wp\/v2\/media\/158067"}],"wp:attachment":[{"href":"https:\/\/www.messinaoggi.it\/website\/wp-json\/wp\/v2\/media?parent=158066"}],"wp:term":[{"taxonomy":"category","embeddable":true,"href":"https:\/\/www.messinaoggi.it\/website\/wp-json\/wp\/v2\/categories?post=158066"},{"taxonomy":"post_tag","embeddable":true,"href":"https:\/\/www.messinaoggi.it\/website\/wp-json\/wp\/v2\/tags?post=158066"}],"curies":[{"name":"wp","href":"https:\/\/api.w.org\/{rel}","templated":true}]}}