{"id":15805,"date":"2018-02-17T15:24:04","date_gmt":"2018-02-17T14:24:04","guid":{"rendered":"http:\/\/www.messinaoggi.it\/website\/?p=15805"},"modified":"2018-02-17T15:24:04","modified_gmt":"2018-02-17T14:24:04","slug":"uil-pensionati-confermati-allunanimita-de-vardo-e-musca","status":"publish","type":"post","link":"https:\/\/www.messinaoggi.it\/website\/2018\/02\/17\/uil-pensionati-confermati-allunanimita-de-vardo-e-musca\/","title":{"rendered":"Uil Pensionati: confermati all&#039;unanimit\u00e0 De Vardo e Musca"},"content":{"rendered":"<p>&#8220;Intensificare il dialogo con gli iscritti e incrementare la presenza del sindacato a livello territoriale per incidere sulle scelte della classe politica, in direzione dei bisogni dei soggetti pi\u00f9 deboli, tra i quali figurano molti anziani e pensionati&#8221;.\u00a0Questo il proposito emerso dal congresso territoriale della Uil Pensionati di Messina, celebrato oggi presso la Sala Consiliare di Palazzo dei Leoni, sede della Provincia Regionale, che ha eletto i due segretari dell\u2019Area dello Stretto Messina 1 e dell\u2019Area dei Nebrodi Messina 2.<br \/>\nSi tratta, rispettivamente, di <strong>Giuseppe De Vardo <\/strong>e <strong>Nunzio Musca<\/strong>, riconfermati all\u2019unanimit\u00e0 a conclusione dei lavori, che hanno visto altres\u00ec l\u2019elezione delle rispettive segreterie che affiancheranno i due esponenti della Uil Pensionati nell\u2019arco dei prossimi quattro anni.\u00a0Il congresso, presieduto dal segretario territoriale della Uil di Messina <strong>Ivan Tripodi<\/strong>, inoltre, ha eletto i consigli generali delle due aree e i delegati che parteciperanno al congresso della Uil confederale di Messina e a quello della Uil Pensionati Sicilia.<br \/>\n\u201cProprio a Messina \u2013 afferma il segretario generale della Uil Pensionati Sicilia <strong>Antonino Toscano<\/strong>, intervenuto ai lavori congiuntamente al segretario nazionale della Uil Pensionati <strong>Oscar Capobianco<\/strong>, al quale sono state affidate le conclusioni \u2013 \u00e8 stato inaugurato un nuovo modello organizzativo del sindacato, finalizzato a rendere pi\u00f9 efficiente e snella la presenza del sindacato stesso nel territorio e che si estender\u00e0 a tutte le altre province siciliane\u201d.<br \/>\n\u201cSiamo certi \u2013 continua \u2013 che il gruppo dirigente emerso dai lavori congressuali sar\u00e0 in grado di accogliere questa nuova sfida e affrontare al meglio le problematiche legate alla categoria\u201d.<div id=\"div-gpt-ad-Messinaoggi.it-DSK-300x250-corpoart\" style=\"text-align:center;margin:0 auto;\"><\/div><\/p>\n<div id=\"videoincontent\" style=\"clear:both\";><\/div>","protected":false},"excerpt":{"rendered":"<p>&#8220;Intensificare il dialogo con gli iscritti e incrementare la presenza del sindacato a livello territoriale per incidere sulle scelte della classe politica, in direzione dei bisogni dei soggetti pi\u00f9 deboli, tra i quali figurano molti anziani e pensionati&#8221;.\u00a0Questo il proposito emerso dal congresso territoriale della Uil Pensionati di Messina, celebrato oggi presso la Sala Consiliare [&hellip;]<\/p>\n","protected":false},"author":2,"featured_media":15806,"comment_status":"closed","ping_status":"open","sticky":false,"template":"","format":"standard","meta":{"ub_ctt_via":"","_mi_skip_tracking":false},"categories":[5],"tags":[],"featured_image_src":"https:\/\/www.messinaoggi.it\/website\/wp-content\/uploads\/2018\/02\/Congresso-di-Messina-Musca-Toscano-Tripodi-Capobianco-e-De-Vardo-1-1.jpg","author_info":{"display_name":"Redazione","author_link":"https:\/\/www.messinaoggi.it\/website\/author\/redazione\/"},"digistream_id":0,"digistream":false,"_links":{"self":[{"href":"https:\/\/www.messinaoggi.it\/website\/wp-json\/wp\/v2\/posts\/15805"}],"collection":[{"href":"https:\/\/www.messinaoggi.it\/website\/wp-json\/wp\/v2\/posts"}],"about":[{"href":"https:\/\/www.messinaoggi.it\/website\/wp-json\/wp\/v2\/types\/post"}],"author":[{"embeddable":true,"href":"https:\/\/www.messinaoggi.it\/website\/wp-json\/wp\/v2\/users\/2"}],"replies":[{"embeddable":true,"href":"https:\/\/www.messinaoggi.it\/website\/wp-json\/wp\/v2\/comments?post=15805"}],"version-history":[{"count":0,"href":"https:\/\/www.messinaoggi.it\/website\/wp-json\/wp\/v2\/posts\/15805\/revisions"}],"wp:featuredmedia":[{"embeddable":true,"href":"https:\/\/www.messinaoggi.it\/website\/wp-json\/wp\/v2\/media\/15806"}],"wp:attachment":[{"href":"https:\/\/www.messinaoggi.it\/website\/wp-json\/wp\/v2\/media?parent=15805"}],"wp:term":[{"taxonomy":"category","embeddable":true,"href":"https:\/\/www.messinaoggi.it\/website\/wp-json\/wp\/v2\/categories?post=15805"},{"taxonomy":"post_tag","embeddable":true,"href":"https:\/\/www.messinaoggi.it\/website\/wp-json\/wp\/v2\/tags?post=15805"}],"curies":[{"name":"wp","href":"https:\/\/api.w.org\/{rel}","templated":true}]}}