{"id":158043,"date":"2023-06-04T21:07:55","date_gmt":"2023-06-04T19:07:55","guid":{"rendered":"https:\/\/www.messinaoggi.it\/website\/2023\/06\/04\/violenza-sulle-donne-roccella-prossimo-cdm-rafforzera-misure-cautelari\/"},"modified":"2023-06-04T21:07:55","modified_gmt":"2023-06-04T19:07:55","slug":"violenza-sulle-donne-roccella-prossimo-cdm-rafforzera-misure-cautelari","status":"publish","type":"post","link":"https:\/\/www.messinaoggi.it\/website\/2023\/06\/04\/violenza-sulle-donne-roccella-prossimo-cdm-rafforzera-misure-cautelari\/","title":{"rendered":"Violenza sulle donne, Roccella \u201cProssimo Cdm rafforzer\u00e0 misure cautelari\u201d"},"content":{"rendered":"<div>ROMA (ITALPRESS) &#8211; &#8220;Nel prossimo Consiglio dei Ministri vogliamo rafforzare soprattutto le misure cautelari: l&#8217;ammonimento, il braccialetto elettronico e il distanziamento&#8221;. Lo annuncia al Tg1 il ministro per le Pari Opportunit\u00e0 e la Famiglia, Eugenia Roccella, in merito alle norme contro la violenza sulle donne. Per Roccella &#8220;il pm deve decidere in tempi brevi la valutazione del rischio&#8221;.<br \/>&#8220;Il caso Tramontano \u00e8 stato molto impressionante per la giovane et\u00e0 della vittima, che era anche incinta di 7 mesi. Nelle stesse ore \u00e8 morta un&#8217;altra donna &#8211; ha sottolineato il ministro -. Lo scorso 25 novembre, nel Giorno contro la violenza, abbiamo proiettato su Palazzo Chigi nomi di ben 104 donne uccise fino a quel momento. E&#8217; una scia di sangue e la dobbiamo interrompere&#8221;. <br \/>&#8220;Abbiamo rifinanziato i centri antiviolenza e il reddito di libert\u00e0, e lanciato una nuova iniziativa, il microcredito di libert\u00e0&#8221;, ha ricordato Roccella.<div id=\"div-gpt-ad-Messinaoggi.it-DSK-300x250-corpoart\" style=\"text-align:center;margin:0 auto;\"><\/div><\/p>\n<p>&#8211; foto Agenziafotogramma.it &#8211;<div id=\"videoincontent\" style=\"clear:both\";><\/div><\/p>\n<p>(ITALPRESS).<\/p><\/div>\n","protected":false},"excerpt":{"rendered":"<p>ROMA (ITALPRESS) &#8211; &#8220;Nel prossimo Consiglio dei Ministri vogliamo rafforzare soprattutto le misure cautelari: l&#8217;ammonimento, il braccialetto elettronico e il distanziamento&#8221;. Lo annuncia al Tg1 il ministro per le Pari Opportunit\u00e0 e la Famiglia, Eugenia Roccella, in merito alle norme contro la violenza sulle donne. Per Roccella &#8220;il pm deve decidere in tempi brevi la [&hellip;]<\/p>\n","protected":false},"author":18,"featured_media":158044,"comment_status":"closed","ping_status":"closed","sticky":false,"template":"","format":"standard","meta":{"ub_ctt_via":"","_mi_skip_tracking":false},"categories":[446],"tags":[783],"featured_image_src":"https:\/\/www.messinaoggi.it\/website\/wp-content\/uploads\/2023\/06\/20230604_1547.jpg","author_info":{"display_name":"Admin","author_link":"https:\/\/www.messinaoggi.it\/website\/author\/admin\/"},"digistream_id":0,"digistream":false,"_links":{"self":[{"href":"https:\/\/www.messinaoggi.it\/website\/wp-json\/wp\/v2\/posts\/158043"}],"collection":[{"href":"https:\/\/www.messinaoggi.it\/website\/wp-json\/wp\/v2\/posts"}],"about":[{"href":"https:\/\/www.messinaoggi.it\/website\/wp-json\/wp\/v2\/types\/post"}],"author":[{"embeddable":true,"href":"https:\/\/www.messinaoggi.it\/website\/wp-json\/wp\/v2\/users\/18"}],"replies":[{"embeddable":true,"href":"https:\/\/www.messinaoggi.it\/website\/wp-json\/wp\/v2\/comments?post=158043"}],"version-history":[{"count":0,"href":"https:\/\/www.messinaoggi.it\/website\/wp-json\/wp\/v2\/posts\/158043\/revisions"}],"wp:featuredmedia":[{"embeddable":true,"href":"https:\/\/www.messinaoggi.it\/website\/wp-json\/wp\/v2\/media\/158044"}],"wp:attachment":[{"href":"https:\/\/www.messinaoggi.it\/website\/wp-json\/wp\/v2\/media?parent=158043"}],"wp:term":[{"taxonomy":"category","embeddable":true,"href":"https:\/\/www.messinaoggi.it\/website\/wp-json\/wp\/v2\/categories?post=158043"},{"taxonomy":"post_tag","embeddable":true,"href":"https:\/\/www.messinaoggi.it\/website\/wp-json\/wp\/v2\/tags?post=158043"}],"curies":[{"name":"wp","href":"https:\/\/api.w.org\/{rel}","templated":true}]}}