{"id":158035,"date":"2023-06-04T16:35:56","date_gmt":"2023-06-04T14:35:56","guid":{"rendered":"http:\/\/www.messinaoggi.it\/website\/?p=158035"},"modified":"2023-06-04T16:36:03","modified_gmt":"2023-06-04T14:36:03","slug":"disinfestazione-il-cronoprogramma-degli-interventi","status":"publish","type":"post","link":"https:\/\/www.messinaoggi.it\/website\/2023\/06\/04\/disinfestazione-il-cronoprogramma-degli-interventi\/","title":{"rendered":"Disinfestazione, il cronoprogramma degli interventi"},"content":{"rendered":"\n<p>A partire da luned\u00ec 5 sar\u00e0 avviato da Messinaservizi Bene Comune, nel rispetto del contratto di servizio, il cronoprogramma degli interventi di disinfestazione in citt\u00e0, che si aggiunge alle attivit\u00e0 di deblattizzazione gi\u00e0 in corso\u201d. A comunicarlo il sindaco Federico Basile. \u201cIl servizio interesser\u00e0 le tre aree cittadine nord centro e sud \u2013 spiega la presidente della MSBC Mariagrazia Interdonato \u2013 e articolato su tre settimane, con l\u2019impiego in alcuni itinerari di mezzi transpallet. Luned\u00ec 5 avvieremo l\u2019attivit\u00e0 di disinfestazione nella zona Nord e proseguiremo, gioved\u00ec 8 nell\u2019area del Centro citt\u00e0, e gioved\u00ec 15 nella zona Sud\u201d. Si raccomanda alla cittadinanza di evitare l\u2019esposizione all\u2019aperto di alimenti e indumenti; di mettere al riparo animali domestici e da compagnia; di chiudere finestre e balconi; e di lavare accuratamente frutta e verdura coltivata in orti e giardini del centro urbano\u201d.<br>Si avvisa inoltre che nel caso di condizioni meteorologiche avverse la programmazione potrebbe subire variazioni.<br>In dettaglio le zone interessate:<br>AREA NORD<br>5 giugno 2023<br>Torrente Trapani (da incrocio viale Margherita al santuario Madonna di Trapani), viale R. Margherita (dal torrente Trapani all\u2019incrocio Via Palermo), Via Palermo (dall\u2019incrocio V.le R. Elena a Centro Neurolesi), V.le Giostra, S. Michele, Ritiro, Q.to Manzoni, S. Chiara, Villa Lina, S Jachiddu, Tre Monti, Villaggio<br>Svizzero, V.le R. Elena, Fornaci Alte e Base, S. Licandro Annunziata (fino a Campo Italia), V.le della Libert\u00e0 (fino incrocio Annunziata).<br>6 giugno 2023<br>Annunziata (lato DX fino a contrada Citola), Villaggio Matteotti, Nuova Panoramica dello Stretto (fino a Granatari), Via Consolare Pompea (fino a Mortelle), Ganzirri, Torre Faro, Curcuraci, Marotta, Torrente Pace, Torrente Guardia, Faro Superiore.<br>7 giugno 2023<br>Ss 113, Castanea, Salice, Masse (S. Giorgio, S. Giovanni, S. Lucia e S. Nicola), Gesso, San Saba,<br>Acqualadroni, Rodia, Orto Liuzzo. Si ricorda,<div id=\"div-gpt-ad-Messinaoggi.it-DSK-300x250-corpoart\" style=\"text-align:center;margin:0 auto;\"><\/div><\/p>\n\n\n\n<p> che le isole ecologiche di Pistunina e Gravitelli da luned\u00ec 5 saranno chiuse durante la fascia pomeridiana.<div id=\"videoincontent\" style=\"clear:both\";><\/div><\/p>\n","protected":false},"excerpt":{"rendered":"<p>A partire da luned\u00ec 5 sar\u00e0 avviato da Messinaservizi Bene Comune, nel rispetto del contratto di servizio, il cronoprogramma degli interventi di disinfestazione in citt\u00e0, che si aggiunge alle attivit\u00e0 di deblattizzazione gi\u00e0 in corso\u201d. A comunicarlo il sindaco Federico Basile. \u201cIl servizio interesser\u00e0 le tre aree cittadine nord centro e sud \u2013 spiega la [&hellip;]<\/p>\n","protected":false},"author":4,"featured_media":44993,"comment_status":"open","ping_status":"open","sticky":false,"template":"","format":"standard","meta":{"ub_ctt_via":"","_mi_skip_tracking":false},"categories":[5],"tags":[2145,2487],"featured_image_src":"https:\/\/www.messinaoggi.it\/website\/wp-content\/uploads\/2020\/06\/unnamed-1.jpg","author_info":{"display_name":"redme","author_link":"https:\/\/www.messinaoggi.it\/website\/author\/redme\/"},"digistream_id":0,"digistream":false,"_links":{"self":[{"href":"https:\/\/www.messinaoggi.it\/website\/wp-json\/wp\/v2\/posts\/158035"}],"collection":[{"href":"https:\/\/www.messinaoggi.it\/website\/wp-json\/wp\/v2\/posts"}],"about":[{"href":"https:\/\/www.messinaoggi.it\/website\/wp-json\/wp\/v2\/types\/post"}],"author":[{"embeddable":true,"href":"https:\/\/www.messinaoggi.it\/website\/wp-json\/wp\/v2\/users\/4"}],"replies":[{"embeddable":true,"href":"https:\/\/www.messinaoggi.it\/website\/wp-json\/wp\/v2\/comments?post=158035"}],"version-history":[{"count":1,"href":"https:\/\/www.messinaoggi.it\/website\/wp-json\/wp\/v2\/posts\/158035\/revisions"}],"predecessor-version":[{"id":158036,"href":"https:\/\/www.messinaoggi.it\/website\/wp-json\/wp\/v2\/posts\/158035\/revisions\/158036"}],"wp:featuredmedia":[{"embeddable":true,"href":"https:\/\/www.messinaoggi.it\/website\/wp-json\/wp\/v2\/media\/44993"}],"wp:attachment":[{"href":"https:\/\/www.messinaoggi.it\/website\/wp-json\/wp\/v2\/media?parent=158035"}],"wp:term":[{"taxonomy":"category","embeddable":true,"href":"https:\/\/www.messinaoggi.it\/website\/wp-json\/wp\/v2\/categories?post=158035"},{"taxonomy":"post_tag","embeddable":true,"href":"https:\/\/www.messinaoggi.it\/website\/wp-json\/wp\/v2\/tags?post=158035"}],"curies":[{"name":"wp","href":"https:\/\/api.w.org\/{rel}","templated":true}]}}