{"id":158033,"date":"2023-06-04T16:07:53","date_gmt":"2023-06-04T14:07:53","guid":{"rendered":"https:\/\/www.messinaoggi.it\/website\/2023\/06\/04\/calenda-vietare-i-social-sotto-i-13-anni\/"},"modified":"2023-06-04T16:07:53","modified_gmt":"2023-06-04T14:07:53","slug":"calenda-vietare-i-social-sotto-i-13-anni","status":"publish","type":"post","link":"https:\/\/www.messinaoggi.it\/website\/2023\/06\/04\/calenda-vietare-i-social-sotto-i-13-anni\/","title":{"rendered":"Calenda \u201cVietare i social sotto i 13 anni\u201d"},"content":{"rendered":"<div>ROMA (ITALPRESS) &#8211; &#8220;La prossima settimana presenteremo una proposta di legge sul modello di quella francese per vietare i social ai minori di 13 anni, mentre tra i 13 e i 15 anni proponiamo l&#8217;autorizzazione dei genitori&#8221;. Lo ha annunciato il segretario di Azione, Carlo Calenda, ospite di &#8220;Mezz&#8217;ora in pi\u00f9&#8221; su Rai Tre.<br \/>&#8220;Il nostro \u00e8 il partito con la percentuale pi\u00f9 alta di voti giovani, ma non possiamo non intervenire su questa dimensione che \u00e8 cos\u00ec preponderante&#8221;, ha aggiunto.<div id=\"div-gpt-ad-Messinaoggi.it-DSK-300x250-corpoart\" style=\"text-align:center;margin:0 auto;\"><\/div><\/p>\n<p>&#8211; foto Agenziafotogramma.it &#8211;<div id=\"videoincontent\" style=\"clear:both\";><\/div><\/p>\n<p>(ITALPRESS).<\/p><\/div>\n","protected":false},"excerpt":{"rendered":"<p>ROMA (ITALPRESS) &#8211; &#8220;La prossima settimana presenteremo una proposta di legge sul modello di quella francese per vietare i social ai minori di 13 anni, mentre tra i 13 e i 15 anni proponiamo l&#8217;autorizzazione dei genitori&#8221;. Lo ha annunciato il segretario di Azione, Carlo Calenda, ospite di &#8220;Mezz&#8217;ora in pi\u00f9&#8221; su Rai Tre.&#8220;Il nostro [&hellip;]<\/p>\n","protected":false},"author":18,"featured_media":158034,"comment_status":"closed","ping_status":"closed","sticky":false,"template":"","format":"standard","meta":{"ub_ctt_via":"","_mi_skip_tracking":false},"categories":[446],"tags":[783],"featured_image_src":"https:\/\/www.messinaoggi.it\/website\/wp-content\/uploads\/2023\/06\/20230604_0939.jpg","author_info":{"display_name":"Admin","author_link":"https:\/\/www.messinaoggi.it\/website\/author\/admin\/"},"digistream_id":0,"digistream":false,"_links":{"self":[{"href":"https:\/\/www.messinaoggi.it\/website\/wp-json\/wp\/v2\/posts\/158033"}],"collection":[{"href":"https:\/\/www.messinaoggi.it\/website\/wp-json\/wp\/v2\/posts"}],"about":[{"href":"https:\/\/www.messinaoggi.it\/website\/wp-json\/wp\/v2\/types\/post"}],"author":[{"embeddable":true,"href":"https:\/\/www.messinaoggi.it\/website\/wp-json\/wp\/v2\/users\/18"}],"replies":[{"embeddable":true,"href":"https:\/\/www.messinaoggi.it\/website\/wp-json\/wp\/v2\/comments?post=158033"}],"version-history":[{"count":0,"href":"https:\/\/www.messinaoggi.it\/website\/wp-json\/wp\/v2\/posts\/158033\/revisions"}],"wp:featuredmedia":[{"embeddable":true,"href":"https:\/\/www.messinaoggi.it\/website\/wp-json\/wp\/v2\/media\/158034"}],"wp:attachment":[{"href":"https:\/\/www.messinaoggi.it\/website\/wp-json\/wp\/v2\/media?parent=158033"}],"wp:term":[{"taxonomy":"category","embeddable":true,"href":"https:\/\/www.messinaoggi.it\/website\/wp-json\/wp\/v2\/categories?post=158033"},{"taxonomy":"post_tag","embeddable":true,"href":"https:\/\/www.messinaoggi.it\/website\/wp-json\/wp\/v2\/tags?post=158033"}],"curies":[{"name":"wp","href":"https:\/\/api.w.org\/{rel}","templated":true}]}}