{"id":158017,"date":"2023-06-04T10:07:53","date_gmt":"2023-06-04T08:07:53","guid":{"rendered":"https:\/\/www.messinaoggi.it\/website\/2023\/06\/04\/governo-berlusconi-siamo-allinizio-ma-il-percorso-e-quello-giusto\/"},"modified":"2023-06-04T10:07:53","modified_gmt":"2023-06-04T08:07:53","slug":"governo-berlusconi-siamo-allinizio-ma-il-percorso-e-quello-giusto","status":"publish","type":"post","link":"https:\/\/www.messinaoggi.it\/website\/2023\/06\/04\/governo-berlusconi-siamo-allinizio-ma-il-percorso-e-quello-giusto\/","title":{"rendered":"Governo, Berlusconi \u201cSiamo all\u2019inizio ma il percorso \u00e8 quello giusto\u201d"},"content":{"rendered":"<div>ROMA (ITALPRESS) &#8211; &#8220;Naturalmente \u00e8 stato solo l&#8217;inizio, ma certo &#8211; alle condizioni date &#8211; non si poteva fare di pi\u00f9. Il percorso \u00e8 quello giusto, sul piano della riduzione della pressione fiscale (penso alla consistente riduzione del cuneo), dell&#8217;aumento delle pensioni pi\u00f9 basse, della riforma della giustizia, delle infrastrutture, ad iniziare dalle grandi opere come il Ponte sullo Stretto. Tutte cose che in campagna elettorale avevo indicato come indispensabili e che ora il governo Meloni sta realizzando. Naturalmente ci vorr\u00e0 tutta la legislatura, e noi siamo attivamente impegnati ad appoggiare e a sostenere con lealt\u00e0 e spirito costruttivo l&#8217;esecutivo per realizzare questi impegni&#8221;. Cos\u00ec Silvio Berlusconi commentando in una intervista a &#8220;Il Giornale&#8221; i primi nove mesi del governo retto da Giorgia Meloni. Poi sulle affermazioni delle opposizioni che parlando di una svolta autoritaria, il presidente di Forza Italia, aggiunge: &#8220;Quando la sinistra non ha altri argomenti, si rifugia in queste polemiche sterili oltre che strumentali. Non me ne preoccuperei pi\u00f9 di tanto, visto che gli italiani hanno dimostrato di non prenderle sul serio, ed hanno di nuovo premiato la nostra coalizione alle ultime elezioni comunali. Forza Italia ha ottenuto il sindaco in citt\u00e0 importanti come Brindisi ed Ancona, quest&#8217;ultima uno degli ultimi fortini delle ex Regioni rosse a non essere mai stato espugnato fino ad oggi. Per\u00f2 tutto questo ha una conseguenza grave: nonostante le sconfitte, la sinistra continua ad avvelenare il dibattito politico, a rendere impossibile un confronto leale fra maggioranza e opposizione. Quando si prova a delegittimare in questo modo l&#8217;avversario politico, facendone un nemico da distruggere con ogni mezzo, e prima di tutto con la calunnia, \u00e8 la stessa qualit\u00e0 della democrazia a pagarne le conseguenze. E&#8217; quello che del resto ho dovuto subire io per decenni, e che speravo di non rivedere mai pi\u00f9&#8221;.<div id=\"div-gpt-ad-Messinaoggi.it-DSK-300x250-corpoart\" style=\"text-align:center;margin:0 auto;\"><\/div><\/p>\n<p>Foto: agenziafotogramma.it<div id=\"videoincontent\" style=\"clear:both\";><\/div><\/p>\n<p>(ITALPRESS).<\/p><\/div>\n","protected":false},"excerpt":{"rendered":"<p>ROMA (ITALPRESS) &#8211; &#8220;Naturalmente \u00e8 stato solo l&#8217;inizio, ma certo &#8211; alle condizioni date &#8211; non si poteva fare di pi\u00f9. Il percorso \u00e8 quello giusto, sul piano della riduzione della pressione fiscale (penso alla consistente riduzione del cuneo), dell&#8217;aumento delle pensioni pi\u00f9 basse, della riforma della giustizia, delle infrastrutture, ad iniziare dalle grandi opere [&hellip;]<\/p>\n","protected":false},"author":18,"featured_media":158018,"comment_status":"closed","ping_status":"closed","sticky":false,"template":"","format":"standard","meta":{"ub_ctt_via":"","_mi_skip_tracking":false},"categories":[446],"tags":[783],"featured_image_src":"https:\/\/www.messinaoggi.it\/website\/wp-content\/uploads\/2023\/06\/20230604_0072.jpg","author_info":{"display_name":"Admin","author_link":"https:\/\/www.messinaoggi.it\/website\/author\/admin\/"},"digistream_id":0,"digistream":false,"_links":{"self":[{"href":"https:\/\/www.messinaoggi.it\/website\/wp-json\/wp\/v2\/posts\/158017"}],"collection":[{"href":"https:\/\/www.messinaoggi.it\/website\/wp-json\/wp\/v2\/posts"}],"about":[{"href":"https:\/\/www.messinaoggi.it\/website\/wp-json\/wp\/v2\/types\/post"}],"author":[{"embeddable":true,"href":"https:\/\/www.messinaoggi.it\/website\/wp-json\/wp\/v2\/users\/18"}],"replies":[{"embeddable":true,"href":"https:\/\/www.messinaoggi.it\/website\/wp-json\/wp\/v2\/comments?post=158017"}],"version-history":[{"count":0,"href":"https:\/\/www.messinaoggi.it\/website\/wp-json\/wp\/v2\/posts\/158017\/revisions"}],"wp:featuredmedia":[{"embeddable":true,"href":"https:\/\/www.messinaoggi.it\/website\/wp-json\/wp\/v2\/media\/158018"}],"wp:attachment":[{"href":"https:\/\/www.messinaoggi.it\/website\/wp-json\/wp\/v2\/media?parent=158017"}],"wp:term":[{"taxonomy":"category","embeddable":true,"href":"https:\/\/www.messinaoggi.it\/website\/wp-json\/wp\/v2\/categories?post=158017"},{"taxonomy":"post_tag","embeddable":true,"href":"https:\/\/www.messinaoggi.it\/website\/wp-json\/wp\/v2\/tags?post=158017"}],"curies":[{"name":"wp","href":"https:\/\/api.w.org\/{rel}","templated":true}]}}