{"id":158007,"date":"2023-06-03T22:07:56","date_gmt":"2023-06-03T20:07:56","guid":{"rendered":"https:\/\/www.messinaoggi.it\/website\/2023\/06\/03\/biden-firma-accordo-ed-evita-il-default\/"},"modified":"2023-06-03T22:07:56","modified_gmt":"2023-06-03T20:07:56","slug":"biden-firma-accordo-ed-evita-il-default","status":"publish","type":"post","link":"https:\/\/www.messinaoggi.it\/website\/2023\/06\/03\/biden-firma-accordo-ed-evita-il-default\/","title":{"rendered":"Biden firma accordo ed evita il default"},"content":{"rendered":"<div>WASHINGTON (USA) (ITALPRESS) &#8211; Il presidente Usa, Joe Biden, ha firmato l&#8217;accordo sul tetto del debito trasformandolo in legge. L&#8217;intesa, raggiunta dopo settimane di trattative tra Biden ed i repubblicani, in extremis evita che il Paese vada in default. <br \/>Nella notte tra gioved\u00ec e venerd\u00ec, dopo la Camera anche il Senato aveva approvato l&#8217;accordo per aumentare per due anni il cosiddetto &#8220;tetto del debito&#8221;, cio\u00e8 la quantit\u00e0 di denaro che lo Stato pu\u00f2 prendere in prestito sui mercati per finanziare le proprie attivit\u00e0.<br \/>credit photo agenziafotogramma.it<br \/>(ITALPRESS).<\/div>\n<div id=\"div-gpt-ad-Messinaoggi.it-DSK-300x250-corpoart\" style=\"text-align:center;margin:0 auto;\"><\/div><\/p><div id=\"videoincontent\" style=\"clear:both\";><\/div>","protected":false},"excerpt":{"rendered":"<p>WASHINGTON (USA) (ITALPRESS) &#8211; Il presidente Usa, Joe Biden, ha firmato l&#8217;accordo sul tetto del debito trasformandolo in legge. L&#8217;intesa, raggiunta dopo settimane di trattative tra Biden ed i repubblicani, in extremis evita che il Paese vada in default. Nella notte tra gioved\u00ec e venerd\u00ec, dopo la Camera anche il Senato aveva approvato l&#8217;accordo per [&hellip;]<\/p>\n","protected":false},"author":18,"featured_media":158008,"comment_status":"closed","ping_status":"closed","sticky":false,"template":"","format":"standard","meta":{"ub_ctt_via":"","_mi_skip_tracking":false},"categories":[446],"tags":[783],"featured_image_src":"https:\/\/www.messinaoggi.it\/website\/wp-content\/uploads\/2023\/06\/20230603_1534.jpg","author_info":{"display_name":"Admin","author_link":"https:\/\/www.messinaoggi.it\/website\/author\/admin\/"},"digistream_id":0,"digistream":false,"_links":{"self":[{"href":"https:\/\/www.messinaoggi.it\/website\/wp-json\/wp\/v2\/posts\/158007"}],"collection":[{"href":"https:\/\/www.messinaoggi.it\/website\/wp-json\/wp\/v2\/posts"}],"about":[{"href":"https:\/\/www.messinaoggi.it\/website\/wp-json\/wp\/v2\/types\/post"}],"author":[{"embeddable":true,"href":"https:\/\/www.messinaoggi.it\/website\/wp-json\/wp\/v2\/users\/18"}],"replies":[{"embeddable":true,"href":"https:\/\/www.messinaoggi.it\/website\/wp-json\/wp\/v2\/comments?post=158007"}],"version-history":[{"count":0,"href":"https:\/\/www.messinaoggi.it\/website\/wp-json\/wp\/v2\/posts\/158007\/revisions"}],"wp:featuredmedia":[{"embeddable":true,"href":"https:\/\/www.messinaoggi.it\/website\/wp-json\/wp\/v2\/media\/158008"}],"wp:attachment":[{"href":"https:\/\/www.messinaoggi.it\/website\/wp-json\/wp\/v2\/media?parent=158007"}],"wp:term":[{"taxonomy":"category","embeddable":true,"href":"https:\/\/www.messinaoggi.it\/website\/wp-json\/wp\/v2\/categories?post=158007"},{"taxonomy":"post_tag","embeddable":true,"href":"https:\/\/www.messinaoggi.it\/website\/wp-json\/wp\/v2\/tags?post=158007"}],"curies":[{"name":"wp","href":"https:\/\/api.w.org\/{rel}","templated":true}]}}