{"id":158005,"date":"2023-06-03T21:07:58","date_gmt":"2023-06-03T19:07:58","guid":{"rendered":"https:\/\/www.messinaoggi.it\/website\/2023\/06\/03\/fitto-risolta-questione-perfetta-collaborazione-con-ue-sul-pnrr\/"},"modified":"2023-06-03T21:07:58","modified_gmt":"2023-06-03T19:07:58","slug":"fitto-risolta-questione-perfetta-collaborazione-con-ue-sul-pnrr","status":"publish","type":"post","link":"https:\/\/www.messinaoggi.it\/website\/2023\/06\/03\/fitto-risolta-questione-perfetta-collaborazione-con-ue-sul-pnrr\/","title":{"rendered":"Fitto \u201cRisolta questione, perfetta collaborazione con Ue sul Pnrr\u201d"},"content":{"rendered":"<div>ROMA (ITALPRESS) &#8211; La precisazione di ieri &#8220;risolve la questione. Il lavoro che portiamo avanti con la Commissione europea \u00e8 assolutamente in perfetta collaborazione e soprattutto i rapporti dei vertici, cio\u00e8 della presidente Meloni e della presidente Von der Leyen, sono di proficuo e positivo lavoro comune&#8221;. Cos\u00ec, in merito al Piano Nazionale di Ripresa e Resilienza dopo il dietrofront europeo, il ministro agli Affari Europei, le Politiche di Coesione, il Sud e il Pnrr, Raffaele Fitto, al Tg1.<br \/>&#8220;Sulla terza tranche &#8211; aggiunge &#8211; con la Commissione europea siamo in una fase molto positiva e costruttiva che io ritengo si concluder\u00e0 positivamente senza alcuna difficolt\u00e0&#8221;. Sulle modifiche del Pnrr, &#8220;stiamo lavorando. Il termine \u00e8 al 31 agosto. Siamo assolutamente in linea con il percorso europeo. Al momento solo 5 Paesi su 27 hanno presentato le loro modifiche&#8221;.<br \/>&#8220;L&#8217;Italia non perder\u00e0 questa occasione. Ed alle opposizioni dico che le critiche sono legittime, ma siamo di fronte non ad una sfida di questo Governo ma ad una sfida per il nostro Paese&#8221;, sottolinea Fitto, che aggiunge: &#8220;Dalle opposizioni ci aspettiamo atteggiamenti responsabili con proposte nel merito&#8221;.<br \/>credit photo agenziafotogramma.it<br \/>(ITALPRESS).<\/div>\n<div id=\"div-gpt-ad-Messinaoggi.it-DSK-300x250-corpoart\" style=\"text-align:center;margin:0 auto;\"><\/div><\/p><div id=\"videoincontent\" style=\"clear:both\";><\/div>","protected":false},"excerpt":{"rendered":"<p>ROMA (ITALPRESS) &#8211; La precisazione di ieri &#8220;risolve la questione. Il lavoro che portiamo avanti con la Commissione europea \u00e8 assolutamente in perfetta collaborazione e soprattutto i rapporti dei vertici, cio\u00e8 della presidente Meloni e della presidente Von der Leyen, sono di proficuo e positivo lavoro comune&#8221;. Cos\u00ec, in merito al Piano Nazionale di Ripresa [&hellip;]<\/p>\n","protected":false},"author":18,"featured_media":158006,"comment_status":"closed","ping_status":"closed","sticky":false,"template":"","format":"standard","meta":{"ub_ctt_via":"","_mi_skip_tracking":false},"categories":[446],"tags":[783],"featured_image_src":"https:\/\/www.messinaoggi.it\/website\/wp-content\/uploads\/2023\/06\/20230603_1509.jpg","author_info":{"display_name":"Admin","author_link":"https:\/\/www.messinaoggi.it\/website\/author\/admin\/"},"digistream_id":0,"digistream":false,"_links":{"self":[{"href":"https:\/\/www.messinaoggi.it\/website\/wp-json\/wp\/v2\/posts\/158005"}],"collection":[{"href":"https:\/\/www.messinaoggi.it\/website\/wp-json\/wp\/v2\/posts"}],"about":[{"href":"https:\/\/www.messinaoggi.it\/website\/wp-json\/wp\/v2\/types\/post"}],"author":[{"embeddable":true,"href":"https:\/\/www.messinaoggi.it\/website\/wp-json\/wp\/v2\/users\/18"}],"replies":[{"embeddable":true,"href":"https:\/\/www.messinaoggi.it\/website\/wp-json\/wp\/v2\/comments?post=158005"}],"version-history":[{"count":0,"href":"https:\/\/www.messinaoggi.it\/website\/wp-json\/wp\/v2\/posts\/158005\/revisions"}],"wp:featuredmedia":[{"embeddable":true,"href":"https:\/\/www.messinaoggi.it\/website\/wp-json\/wp\/v2\/media\/158006"}],"wp:attachment":[{"href":"https:\/\/www.messinaoggi.it\/website\/wp-json\/wp\/v2\/media?parent=158005"}],"wp:term":[{"taxonomy":"category","embeddable":true,"href":"https:\/\/www.messinaoggi.it\/website\/wp-json\/wp\/v2\/categories?post=158005"},{"taxonomy":"post_tag","embeddable":true,"href":"https:\/\/www.messinaoggi.it\/website\/wp-json\/wp\/v2\/tags?post=158005"}],"curies":[{"name":"wp","href":"https:\/\/api.w.org\/{rel}","templated":true}]}}