{"id":158001,"date":"2023-06-03T19:07:54","date_gmt":"2023-06-03T17:07:54","guid":{"rendered":"https:\/\/www.messinaoggi.it\/website\/2023\/06\/03\/spalletti-sempre-stato-un-po-napoletano-squadra-ha-futuro\/"},"modified":"2023-06-03T19:07:54","modified_gmt":"2023-06-03T17:07:54","slug":"spalletti-sempre-stato-un-po-napoletano-squadra-ha-futuro","status":"publish","type":"post","link":"https:\/\/www.messinaoggi.it\/website\/2023\/06\/03\/spalletti-sempre-stato-un-po-napoletano-squadra-ha-futuro\/","title":{"rendered":"Spalletti \u201cSempre stato un po\u2019 napoletano, squadra ha futuro\u201d"},"content":{"rendered":"<div>NAPOLI (ITALPRESS) &#8211; &#8220;Napoli non va immaginata, perch\u00e8 \u00e8 molto di<br \/>\npi\u00f9 dell&#8217;immaginazione, Napoli va vissuta! Probabilmente sono<br \/>\nsempre stato un p\u00f2 napoletano&#8221;. Lo ha detto il tecnico del<br \/>\nNapoli campione d&#8217;Italia Luciano Spalletti nella conferenza stampa alla vigilia dell&#8217;ultima gara al Maradona contro la Sampdoria. &#8220;Ringrazio tutti quelli che ho incontrato in questi due anni indimenticabili. Mi piace pensare che anche tra 10 anni potr\u00f2 tornare qui ed essere amico di tante persone. Il triplice fischio di Udine \u00e8 stato il momento pi\u00f9 bello. La sconfitta di Empoli il momento pi\u00f9 difficile. Lasciare ora \u00e8 un autentico atto d&#8217;amore. Ho speso tutto quello che avevo. Non ho pi\u00f9 le energie per essere all&#8217;altezza di ci\u00f2 che si ama&#8221; ha aggiunto il tecnico campione d&#8217;Italia che scommette ancora su questa squadra anche se non sar\u00e0 pi\u00f9 lui a guidarla. &#8220;I ragazzi fino all&#8217;ultimo hanno messo entusiasmo e qualit\u00e0 negli allenamenti. Da queste cose si capisce perch\u00e8 questa squadra avr\u00e0 un grande futuro&#8221;. Spalletti torna sul suo rapporto con il presidente De Laurentiis dopo l&#8217;abbraccio di ieri: &#8220;C&#8217;\u00e8 un&#8217;aria di o me o lui e io non voglio ci sia questa divisione. Nessuno deve annullare l&#8217;altro, abbiamo lavorato benissimo insieme. Il senso dell&#8217;abbraccio era quello: volevo giocare anche un p\u00f2 cancellando queste insidie che si sentono nell&#8217;aria. In quella cena con il presidente abbiamo sistemato tutto in un quarto d&#8217;ora. Siamo stati lucidi ed eravamo d&#8217;accordo che avrebbe comunicato lui la scelta. Non sono uno che cambia idea facilmente. Mi faccio male da solo? Probabilmente s\u00ec. Ma non lascio perch\u00e8 ho smesso di amare, lascio perch\u00e8 ho amato e ho dato tutto&#8221;.<br \/>\n&#8211; foto LivePhotoSport &#8211;<br \/>\n(ITALPRESS).<\/div>\n<div id=\"div-gpt-ad-Messinaoggi.it-DSK-300x250-corpoart\" style=\"text-align:center;margin:0 auto;\"><\/div><\/p><div id=\"videoincontent\" style=\"clear:both\";><\/div>","protected":false},"excerpt":{"rendered":"<p>NAPOLI (ITALPRESS) &#8211; &#8220;Napoli non va immaginata, perch\u00e8 \u00e8 molto di pi\u00f9 dell&#8217;immaginazione, Napoli va vissuta! Probabilmente sono sempre stato un p\u00f2 napoletano&#8221;. Lo ha detto il tecnico del Napoli campione d&#8217;Italia Luciano Spalletti nella conferenza stampa alla vigilia dell&#8217;ultima gara al Maradona contro la Sampdoria. &#8220;Ringrazio tutti quelli che ho incontrato in questi due [&hellip;]<\/p>\n","protected":false},"author":18,"featured_media":158002,"comment_status":"closed","ping_status":"closed","sticky":false,"template":"","format":"standard","meta":{"ub_ctt_via":"","_mi_skip_tracking":false},"categories":[446],"tags":[783],"featured_image_src":"https:\/\/www.messinaoggi.it\/website\/wp-content\/uploads\/2023\/06\/20230603_1184.jpg","author_info":{"display_name":"Admin","author_link":"https:\/\/www.messinaoggi.it\/website\/author\/admin\/"},"digistream_id":0,"digistream":false,"_links":{"self":[{"href":"https:\/\/www.messinaoggi.it\/website\/wp-json\/wp\/v2\/posts\/158001"}],"collection":[{"href":"https:\/\/www.messinaoggi.it\/website\/wp-json\/wp\/v2\/posts"}],"about":[{"href":"https:\/\/www.messinaoggi.it\/website\/wp-json\/wp\/v2\/types\/post"}],"author":[{"embeddable":true,"href":"https:\/\/www.messinaoggi.it\/website\/wp-json\/wp\/v2\/users\/18"}],"replies":[{"embeddable":true,"href":"https:\/\/www.messinaoggi.it\/website\/wp-json\/wp\/v2\/comments?post=158001"}],"version-history":[{"count":0,"href":"https:\/\/www.messinaoggi.it\/website\/wp-json\/wp\/v2\/posts\/158001\/revisions"}],"wp:featuredmedia":[{"embeddable":true,"href":"https:\/\/www.messinaoggi.it\/website\/wp-json\/wp\/v2\/media\/158002"}],"wp:attachment":[{"href":"https:\/\/www.messinaoggi.it\/website\/wp-json\/wp\/v2\/media?parent=158001"}],"wp:term":[{"taxonomy":"category","embeddable":true,"href":"https:\/\/www.messinaoggi.it\/website\/wp-json\/wp\/v2\/categories?post=158001"},{"taxonomy":"post_tag","embeddable":true,"href":"https:\/\/www.messinaoggi.it\/website\/wp-json\/wp\/v2\/tags?post=158001"}],"curies":[{"name":"wp","href":"https:\/\/api.w.org\/{rel}","templated":true}]}}