{"id":15799,"date":"2018-02-17T11:54:32","date_gmt":"2018-02-17T10:54:32","guid":{"rendered":"http:\/\/www.messinaoggi.it\/website\/?p=15799"},"modified":"2018-02-17T11:54:32","modified_gmt":"2018-02-17T10:54:32","slug":"rete-sud-amam-sigla-protocollo-dintesa-a-roma","status":"publish","type":"post","link":"https:\/\/www.messinaoggi.it\/website\/2018\/02\/17\/rete-sud-amam-sigla-protocollo-dintesa-a-roma\/","title":{"rendered":"&quot;Rete Sud&quot;, Amam sigla protocollo d&#039;intesa a Roma"},"content":{"rendered":"<p style=\"font-weight: 400\">Valorizzare e consolidare Il ruolo che il sistema economico del Sud riveste nell\u2019economia nazionale. E&#8217; l&#8217;obiettivo postosi da &#8220;Rete Sud\u201d,\u00a0sodalizio di imprese del Mezzogiorno d&#8217;Italia, creato per dare slancio all&#8217;offerta di servizi integrati e supporto alle aziende che erogano servizi pubblici locali nelle regioni Basilicata, Calabria, Campania, Molise, Puglia, Sardegna e Sicilia. L&#8217;accordo &#8211;\u00a0promosso da UTILITALIA, la Federazione nazionale che riunisce le Aziende operanti nei servizi pubblici dell&#8217;Acqua, dell&#8217;Ambiente, dell&#8217;Energia Elettrica e del Gas &#8211; \u00e8 stato siglato a Roma dalle diverse aziende coinvolte, tra le quali troviamo anche l&#8217;AMAM; hanno sottoscritto il protocollo d&#8217;intesa\u00a0il Presidente Leonardo Termini e il Direttore Generale Claudio Cipollini.<div id=\"div-gpt-ad-Messinaoggi.it-DSK-300x250-corpoart\" style=\"text-align:center;margin:0 auto;\"><\/div><\/p>\n<p style=\"font-weight: 400\">I meccanismi positivi che derivano dalla crescente interconnessione tra le economie e i territori del Sud, nonch\u00e9 i benefici di una crescente interlocuzione e di numerose occasioni di collaborazione tra le imprese su specifiche iniziative di interesse comune, hanno spinto le imprese aderenti a voler avere un ruolo attivo, e a volte proattivo, nei cambiamenti in atto, favorendo la costituzione di una &#8216;rete&#8217; per fornire alle imprese servizi, supporto e capacit\u00e0 di confronto con i diversi livelli di governo, facilitate in questo da Utilitalia.<div id=\"videoincontent\" style=\"clear:both\";><\/div><\/p>\n<p style=\"font-weight: 400\">La \u201cRete Sud\u201d si configura dunque come spazio di confronto e programmazione tra le imprese stesse, con lo scopo di trasferire le esperienze migliori, le\u00a0<em>best practice<\/em>, affrontando le problematiche emergenti attraverso lo scambio delle migliori esperienze, per incrementare l\u2019efficienza e la capacit\u00e0 gestionale.<\/p>\n<p style=\"font-weight: 400\">\u201c<em>Lavorare in rete e collaborare con altre aziende che hanno la stesse problematiche e obiettivi di AMAM &#8211;\u00a0<\/em>hanno affermato Termini e Cipollini, a valle della firma<em>\u00a0&#8211; porter\u00e0 un significativo vantaggio e produrr\u00e0 anche risparmi di costi nella gestione aziendale, oltre a migliorare la qualit\u00e0 degli interventi sulle infrastrutture che garantiscono l\u2019efficienza del nostro servizio idrico integrato<\/em>\u201d.<\/p>\n<p style=\"font-weight: 400\">Principali finalit\u00e0 della Rete appena costituita sono: il potenziamento dell\u2019interlocuzione con gli enti locali per problematiche comuni nell&#8217;area del SUD dell\u2019Italia; l\u2019innalzamento nel livello qualitativo del dibattito all&#8217;interno delle imprese, attraverso momenti di confronto con il sistema delle istituzioni e il mondo imprenditoriale locale e nazionale; la promozione di iniziative e servizi comuni per l\u2019assistenza sulle normative regionali di settore e raccordo con il quadro legislativo e regolatorio nazionale, anche attraverso la reciproca assistenza per gare, appalti e concorsi; l\u2019interscambio nelle attivit\u00e0 legali, economico-finanziarie e fiscali; la valutazione comune dei progetti formativi finanziati dai fondi interprofessionali (Fonservizi, Fondirigenti); il reciproco scambio di informazioni sulle opportunit\u00e0 di finanziamento offerte\u00a0dai fondi UE;\u00a0il\u00a0supporto reciproco nella ricerca di partner per la partecipazione ai bandi, in collaborazione con le rispettive Camere di Commercio e l\u2019ideazione comune di iniziative e progetti per la presentazione in risposta ad avvisi nazionali e comunitari; la\u00a0valutazione comune sulle possibilit\u00e0 di accesso da parte delle Aziende pubbliche a\u00a0strumenti finanziari del territorio e ad\u00a0\u00a0approvvigionamenti congiunti.<\/p>\n<p style=\"font-weight: 400\">\u00a0\u201c<em>Il confronto con le realt\u00e0 aziendali del Mezzogiorno e nazionali nonch\u00e9 la messa a fattor comune di strategie e energie \u2013\u00a0<\/em>hanno concluso<em>\u00a0<\/em>il Presidente e il Direttore Generale di AMAM<em>\u00a0&#8211;\u00a0\u00a0consentir\u00e0 tra l\u2019altro una ben maggiore sensibilizzazione\u00a0\u00a0e consapevolezza dei cittadini e delle istituzioni sulle tematiche e le criticit\u00e0 che, specie e in Sicilia e nel Sud, sono palesi e annose quali, ad esempio, la necessit\u00e0 di reperire finanziamenti e operare investimenti per le infrastrutture<\/em>\u201d.<\/p>\n","protected":false},"excerpt":{"rendered":"<p>Valorizzare e consolidare Il ruolo che il sistema economico del Sud riveste nell\u2019economia nazionale. E&#8217; l&#8217;obiettivo postosi da &#8220;Rete Sud\u201d,\u00a0sodalizio di imprese del Mezzogiorno d&#8217;Italia, creato per dare slancio all&#8217;offerta di servizi integrati e supporto alle aziende che erogano servizi pubblici locali nelle regioni Basilicata, Calabria, Campania, Molise, Puglia, Sardegna e Sicilia. L&#8217;accordo &#8211;\u00a0promosso da [&hellip;]<\/p>\n","protected":false},"author":8,"featured_media":1679,"comment_status":"closed","ping_status":"open","sticky":false,"template":"","format":"standard","meta":{"ub_ctt_via":"","_mi_skip_tracking":false},"categories":[5],"tags":[],"featured_image_src":"https:\/\/www.messinaoggi.it\/website\/wp-content\/uploads\/2017\/06\/Amam-sede-2.jpg","author_info":{"display_name":"red..me","author_link":"https:\/\/www.messinaoggi.it\/website\/author\/redstage\/"},"digistream_id":0,"digistream":false,"_links":{"self":[{"href":"https:\/\/www.messinaoggi.it\/website\/wp-json\/wp\/v2\/posts\/15799"}],"collection":[{"href":"https:\/\/www.messinaoggi.it\/website\/wp-json\/wp\/v2\/posts"}],"about":[{"href":"https:\/\/www.messinaoggi.it\/website\/wp-json\/wp\/v2\/types\/post"}],"author":[{"embeddable":true,"href":"https:\/\/www.messinaoggi.it\/website\/wp-json\/wp\/v2\/users\/8"}],"replies":[{"embeddable":true,"href":"https:\/\/www.messinaoggi.it\/website\/wp-json\/wp\/v2\/comments?post=15799"}],"version-history":[{"count":0,"href":"https:\/\/www.messinaoggi.it\/website\/wp-json\/wp\/v2\/posts\/15799\/revisions"}],"wp:featuredmedia":[{"embeddable":true,"href":"https:\/\/www.messinaoggi.it\/website\/wp-json\/wp\/v2\/media\/1679"}],"wp:attachment":[{"href":"https:\/\/www.messinaoggi.it\/website\/wp-json\/wp\/v2\/media?parent=15799"}],"wp:term":[{"taxonomy":"category","embeddable":true,"href":"https:\/\/www.messinaoggi.it\/website\/wp-json\/wp\/v2\/categories?post=15799"},{"taxonomy":"post_tag","embeddable":true,"href":"https:\/\/www.messinaoggi.it\/website\/wp-json\/wp\/v2\/tags?post=15799"}],"curies":[{"name":"wp","href":"https:\/\/api.w.org\/{rel}","templated":true}]}}