{"id":157989,"date":"2023-06-03T15:07:54","date_gmt":"2023-06-03T13:07:54","guid":{"rendered":"https:\/\/www.messinaoggi.it\/website\/2023\/06\/03\/pioli-sempre-creduto-nel-rinnovo-di-leao-stagione-milan-da-7\/"},"modified":"2023-06-03T15:07:54","modified_gmt":"2023-06-03T13:07:54","slug":"pioli-sempre-creduto-nel-rinnovo-di-leao-stagione-milan-da-7","status":"publish","type":"post","link":"https:\/\/www.messinaoggi.it\/website\/2023\/06\/03\/pioli-sempre-creduto-nel-rinnovo-di-leao-stagione-milan-da-7\/","title":{"rendered":"Pioli \u201cSempre creduto nel rinnovo di Leao, stagione Milan da 7\u201d"},"content":{"rendered":"<div>MILANO (ITALPRESS) &#8211; &#8220;Eravamo partiti per cercare di rivincere qualcosa ma non ci siamo riusciti. Abbiamo fatto una grande Champions e un campionato sufficiente dove, visto un Napoli eccezionale, potevamo almeno puntare il secondo posto. Diciamo che fra una Champions da 8 e un campionato da 6 ne esce un 7&#8221;. Questo il bilancio di fine stagione da parte di Stefano Pioli alla vigilia dell&#8217;ultima di campionato col Verona. &#8220;La stagione \u00e8 stata molto positiva, solo una squadra forte poteva risollevare la stagione dopo il periodo di crisi che abbiamo avuto fra gennaio e febbraio &#8211; ha aggiunto &#8211; Ma per vincere il campionato devi essere pi\u00f9 continuo e vincere le partite che sul campo potevi vincere e noi qualche situazione l&#8217;abbiamo mancata&#8221;. Per quanto riguarda il suo anno, &#8220;chi fa questo lavoro sbaglia per cui si cerca di sbagliare il meno possibile. Non credo di aver fatto un solo errore, ne ho fatti di pi\u00f9, ma il punto di forza mio e del Milan \u00e8 continuare a credere nei propri giocatori e noi non abbiamo mai smesso di credere nelle nostre qualit\u00e0, nel nostro modo di lavorare insieme&#8221;. Detto che sul mercato &#8220;a breve incontrer\u00f2 i dirigenti, si faranno le valutazioni che riterremo giuste da fare per cercare di fare meglio e costruire un Milan sempre pi\u00f9 forte. Ci servono giocatori forti e intelligenti&#8221;, Pioli intanto si gode Leao, fresco di firma. &#8220;Il rinnovo di Rafa era una questione molto sentita nel nostro ambiente ma sono sempre stato molto fiducioso perch\u00e8 conoscevo la volont\u00e0 del club e quella del ragazzo, poi le tempistiche sono quelle che sono&#8221;. Sembra invece al passo d&#8217;addio Ibrahimovic, indisponibile anche per il Verona. &#8220;Io e Zlatan abbiamo parlato in questi giorni e quello che ci siamo detti sono cose che rimangono fra noi. Il futuro lo decideranno lui e il club, Ibra ha l&#8217;onest\u00e0, la responsabilit\u00e0 e la motivazione per decidere quello che sar\u00e0 il suo futuro&#8221;. <br \/>&#8211; foto LivePhotoSport &#8211; <br \/>(ITALPRESS).<\/div>\n<div id=\"div-gpt-ad-Messinaoggi.it-DSK-300x250-corpoart\" style=\"text-align:center;margin:0 auto;\"><\/div><\/p><div id=\"videoincontent\" style=\"clear:both\";><\/div>","protected":false},"excerpt":{"rendered":"<p>MILANO (ITALPRESS) &#8211; &#8220;Eravamo partiti per cercare di rivincere qualcosa ma non ci siamo riusciti. Abbiamo fatto una grande Champions e un campionato sufficiente dove, visto un Napoli eccezionale, potevamo almeno puntare il secondo posto. Diciamo che fra una Champions da 8 e un campionato da 6 ne esce un 7&#8221;. Questo il bilancio di [&hellip;]<\/p>\n","protected":false},"author":18,"featured_media":157990,"comment_status":"closed","ping_status":"closed","sticky":false,"template":"","format":"standard","meta":{"ub_ctt_via":"","_mi_skip_tracking":false},"categories":[446],"tags":[783],"featured_image_src":"https:\/\/www.messinaoggi.it\/website\/wp-content\/uploads\/2023\/06\/20230603_0908.jpg","author_info":{"display_name":"Admin","author_link":"https:\/\/www.messinaoggi.it\/website\/author\/admin\/"},"digistream_id":0,"digistream":false,"_links":{"self":[{"href":"https:\/\/www.messinaoggi.it\/website\/wp-json\/wp\/v2\/posts\/157989"}],"collection":[{"href":"https:\/\/www.messinaoggi.it\/website\/wp-json\/wp\/v2\/posts"}],"about":[{"href":"https:\/\/www.messinaoggi.it\/website\/wp-json\/wp\/v2\/types\/post"}],"author":[{"embeddable":true,"href":"https:\/\/www.messinaoggi.it\/website\/wp-json\/wp\/v2\/users\/18"}],"replies":[{"embeddable":true,"href":"https:\/\/www.messinaoggi.it\/website\/wp-json\/wp\/v2\/comments?post=157989"}],"version-history":[{"count":0,"href":"https:\/\/www.messinaoggi.it\/website\/wp-json\/wp\/v2\/posts\/157989\/revisions"}],"wp:featuredmedia":[{"embeddable":true,"href":"https:\/\/www.messinaoggi.it\/website\/wp-json\/wp\/v2\/media\/157990"}],"wp:attachment":[{"href":"https:\/\/www.messinaoggi.it\/website\/wp-json\/wp\/v2\/media?parent=157989"}],"wp:term":[{"taxonomy":"category","embeddable":true,"href":"https:\/\/www.messinaoggi.it\/website\/wp-json\/wp\/v2\/categories?post=157989"},{"taxonomy":"post_tag","embeddable":true,"href":"https:\/\/www.messinaoggi.it\/website\/wp-json\/wp\/v2\/tags?post=157989"}],"curies":[{"name":"wp","href":"https:\/\/api.w.org\/{rel}","templated":true}]}}