{"id":157987,"date":"2023-06-03T15:07:53","date_gmt":"2023-06-03T13:07:53","guid":{"rendered":"https:\/\/www.messinaoggi.it\/website\/2023\/06\/03\/bce-visco-politica-monetaria-corretta-sarei-stato-piu-graduale\/"},"modified":"2023-06-03T15:07:53","modified_gmt":"2023-06-03T13:07:53","slug":"bce-visco-politica-monetaria-corretta-sarei-stato-piu-graduale","status":"publish","type":"post","link":"https:\/\/www.messinaoggi.it\/website\/2023\/06\/03\/bce-visco-politica-monetaria-corretta-sarei-stato-piu-graduale\/","title":{"rendered":"Bce, Visco \u201cPolitica monetaria corretta, sarei stato pi\u00f9 graduale\u201d"},"content":{"rendered":"<div>TORINO (ITALPRESS) &#8211; &#8220;La politica monetaria della Bce \u00e8 sicuramente quella corretta in questo momento, anche se forse avrei spinto per una gradualit\u00e0 maggiore&#8221;. Lo ha detto il governatore di Bankitalia, Ignazio Visco, nel corso di un incontro al Festival dell&#8217;Economia di Torino. &#8220;E&#8217; quella corretta per tenere sotto controllo spinte di domanda possibile e garantire il rientro sull&#8217;obiettivo di stabilit\u00e0 di prezzi&#8221;, ha aggiunto. Per quanto riguarda i costi dell&#8217;energia, secondo il governatore &#8220;siamo stati bravi perch\u00e8 da un lato i sussidi sono stati mirati pi\u00f9 che in altri Paesi, dall&#8217;altro lato per\u00f2 abbiamo anche avuto una buona capacit\u00e0 di risposta del settore privato. Quello che stiamo osservando \u00e8 esattamente l&#8217;effetto di questo intervento mirato, che adesso \u00e8 venuto meno. Nei prossimi mesi dovremmo vedere la discesa della componente energetica dell&#8217;indice generale dei prezzi al consumo. La vera domanda \u00e8 cosa succeder\u00e0 adesso con la riduzione del prezzo del gas: mi aspetto che l&#8217;inflazione di fondo rifletta questa riduzione del costo dell&#8217;energia. Adesso stiamo vedendo che i prezzi dell&#8217;energia che erano saliti, sono radicalmente discesi: effettivamente lo choc \u00e8 temporaneo. Prolungato, ma temporaneo. Il problema sono gli effetti di quello choc, che bisogna evitare che ci siano&#8221;, ha concluso.<br \/>\n-foto agenziafotogramma.it-<\/div>\n<div id=\"div-gpt-ad-Messinaoggi.it-DSK-300x250-corpoart\" style=\"text-align:center;margin:0 auto;\"><\/div><\/p><div id=\"videoincontent\" style=\"clear:both\";><\/div>","protected":false},"excerpt":{"rendered":"<p>TORINO (ITALPRESS) &#8211; &#8220;La politica monetaria della Bce \u00e8 sicuramente quella corretta in questo momento, anche se forse avrei spinto per una gradualit\u00e0 maggiore&#8221;. Lo ha detto il governatore di Bankitalia, Ignazio Visco, nel corso di un incontro al Festival dell&#8217;Economia di Torino. &#8220;E&#8217; quella corretta per tenere sotto controllo spinte di domanda possibile e [&hellip;]<\/p>\n","protected":false},"author":18,"featured_media":157988,"comment_status":"closed","ping_status":"closed","sticky":false,"template":"","format":"standard","meta":{"ub_ctt_via":"","_mi_skip_tracking":false},"categories":[446],"tags":[783],"featured_image_src":"https:\/\/www.messinaoggi.it\/website\/wp-content\/uploads\/2023\/06\/20230603_0882.jpg","author_info":{"display_name":"Admin","author_link":"https:\/\/www.messinaoggi.it\/website\/author\/admin\/"},"digistream_id":0,"digistream":false,"_links":{"self":[{"href":"https:\/\/www.messinaoggi.it\/website\/wp-json\/wp\/v2\/posts\/157987"}],"collection":[{"href":"https:\/\/www.messinaoggi.it\/website\/wp-json\/wp\/v2\/posts"}],"about":[{"href":"https:\/\/www.messinaoggi.it\/website\/wp-json\/wp\/v2\/types\/post"}],"author":[{"embeddable":true,"href":"https:\/\/www.messinaoggi.it\/website\/wp-json\/wp\/v2\/users\/18"}],"replies":[{"embeddable":true,"href":"https:\/\/www.messinaoggi.it\/website\/wp-json\/wp\/v2\/comments?post=157987"}],"version-history":[{"count":0,"href":"https:\/\/www.messinaoggi.it\/website\/wp-json\/wp\/v2\/posts\/157987\/revisions"}],"wp:featuredmedia":[{"embeddable":true,"href":"https:\/\/www.messinaoggi.it\/website\/wp-json\/wp\/v2\/media\/157988"}],"wp:attachment":[{"href":"https:\/\/www.messinaoggi.it\/website\/wp-json\/wp\/v2\/media?parent=157987"}],"wp:term":[{"taxonomy":"category","embeddable":true,"href":"https:\/\/www.messinaoggi.it\/website\/wp-json\/wp\/v2\/categories?post=157987"},{"taxonomy":"post_tag","embeddable":true,"href":"https:\/\/www.messinaoggi.it\/website\/wp-json\/wp\/v2\/tags?post=157987"}],"curies":[{"name":"wp","href":"https:\/\/api.w.org\/{rel}","templated":true}]}}