{"id":157969,"date":"2023-06-03T13:07:53","date_gmt":"2023-06-03T11:07:53","guid":{"rendered":"https:\/\/www.messinaoggi.it\/website\/2023\/06\/03\/papa-guerra-egoismo-e-divisioni-devastano-la-terra\/"},"modified":"2023-06-03T13:07:53","modified_gmt":"2023-06-03T11:07:53","slug":"papa-guerra-egoismo-e-divisioni-devastano-la-terra","status":"publish","type":"post","link":"https:\/\/www.messinaoggi.it\/website\/2023\/06\/03\/papa-guerra-egoismo-e-divisioni-devastano-la-terra\/","title":{"rendered":"Papa \u201cGuerra, egoismo e divisioni devastano la terra\u201d"},"content":{"rendered":"<div>ROMA (ITALPRESS) &#8211; &#8220;Fate sempre tesoro delle vostre radici, non tanto per trasformarle in un blasone o in un baluardo da difendere, quanto piuttosto come di una ricchezza da condividere. La terra si lavora insieme, si lavora per tutti e si lavora in pace; con la guerra, l&#8217;egoismo e la divisione si riesce solo a devastarla, come purtroppo stiamo vedendo in tante parti del mondo e in modi diversi. Amare le vostre radici sia dunque per voi amare il Vangelo di Ges\u00f9 e amare come Ges\u00f9 ha amato nel Vangelo. Questo vi insegna la vostra storia di terra e di Chiesa&#8221;. Cos\u00ec Papa Francesco ricevendo in udienza i pellegrini da Concesio e da Sotto il Monte, in occasione del 60mo della morte di Giovanni XXIII e dell&#8217;elezione di Paolo VI. &#8220;E dalle vostre radici viene la linfa per andare avanti, per crescere, e anche per dare una storia e un senso della vita ai vostri figli e ai vostri nipoti. Amate le vostre radici, non staccate l&#8217;albero dalle radici: non dar\u00e0 frutto. Cercate di progredire sempre in armonia con le vostre radici, in sintonia con le vostre radici&#8221;, ha aggiunto il Santo Padre.<br \/>\n(ITALPRESS).<br \/>\n-foto agenziafotogramma.it-<\/div>\n<div id=\"div-gpt-ad-Messinaoggi.it-DSK-300x250-corpoart\" style=\"text-align:center;margin:0 auto;\"><\/div><\/p><div id=\"videoincontent\" style=\"clear:both\";><\/div>","protected":false},"excerpt":{"rendered":"<p>ROMA (ITALPRESS) &#8211; &#8220;Fate sempre tesoro delle vostre radici, non tanto per trasformarle in un blasone o in un baluardo da difendere, quanto piuttosto come di una ricchezza da condividere. La terra si lavora insieme, si lavora per tutti e si lavora in pace; con la guerra, l&#8217;egoismo e la divisione si riesce solo a [&hellip;]<\/p>\n","protected":false},"author":18,"featured_media":157970,"comment_status":"closed","ping_status":"closed","sticky":false,"template":"","format":"standard","meta":{"ub_ctt_via":"","_mi_skip_tracking":false},"categories":[446],"tags":[783],"featured_image_src":"https:\/\/www.messinaoggi.it\/website\/wp-content\/uploads\/2023\/06\/20230603_0710.jpg","author_info":{"display_name":"Admin","author_link":"https:\/\/www.messinaoggi.it\/website\/author\/admin\/"},"digistream_id":0,"digistream":false,"_links":{"self":[{"href":"https:\/\/www.messinaoggi.it\/website\/wp-json\/wp\/v2\/posts\/157969"}],"collection":[{"href":"https:\/\/www.messinaoggi.it\/website\/wp-json\/wp\/v2\/posts"}],"about":[{"href":"https:\/\/www.messinaoggi.it\/website\/wp-json\/wp\/v2\/types\/post"}],"author":[{"embeddable":true,"href":"https:\/\/www.messinaoggi.it\/website\/wp-json\/wp\/v2\/users\/18"}],"replies":[{"embeddable":true,"href":"https:\/\/www.messinaoggi.it\/website\/wp-json\/wp\/v2\/comments?post=157969"}],"version-history":[{"count":0,"href":"https:\/\/www.messinaoggi.it\/website\/wp-json\/wp\/v2\/posts\/157969\/revisions"}],"wp:featuredmedia":[{"embeddable":true,"href":"https:\/\/www.messinaoggi.it\/website\/wp-json\/wp\/v2\/media\/157970"}],"wp:attachment":[{"href":"https:\/\/www.messinaoggi.it\/website\/wp-json\/wp\/v2\/media?parent=157969"}],"wp:term":[{"taxonomy":"category","embeddable":true,"href":"https:\/\/www.messinaoggi.it\/website\/wp-json\/wp\/v2\/categories?post=157969"},{"taxonomy":"post_tag","embeddable":true,"href":"https:\/\/www.messinaoggi.it\/website\/wp-json\/wp\/v2\/tags?post=157969"}],"curies":[{"name":"wp","href":"https:\/\/api.w.org\/{rel}","templated":true}]}}