{"id":157925,"date":"2023-06-02T19:07:52","date_gmt":"2023-06-02T17:07:52","guid":{"rendered":"https:\/\/www.messinaoggi.it\/website\/2023\/06\/02\/gp-spagna-verstappen-piu-veloce-in-fp2-davanti-ad-alonso\/"},"modified":"2023-06-02T19:07:52","modified_gmt":"2023-06-02T17:07:52","slug":"gp-spagna-verstappen-piu-veloce-in-fp2-davanti-ad-alonso","status":"publish","type":"post","link":"https:\/\/www.messinaoggi.it\/website\/2023\/06\/02\/gp-spagna-verstappen-piu-veloce-in-fp2-davanti-ad-alonso\/","title":{"rendered":"Gp Spagna, Verstappen pi\u00f9 veloce in FP2 davanti ad Alonso"},"content":{"rendered":"<div>BARCELLONE (SPAGNA) (ITALPRESS) &#8211; Max Verstappen \u00e8 risultato il pi\u00f9 veloce nelle seconde prove libere del Gp di Spagna, in programma domenica sul circuito di Barcellona. L&#8217;olandese due volte campione del mondo, che era stato il pi\u00f9 veloce gi\u00e0 nelle prime libere di giornata, ha fermato il cronometro con la sua Red Bull in 1&#8217;13&#8243;907, precedendo lo spagnolo Fernando Alonso su Aston Martin (+0&#8243;170), terzo Nico Hulkenberg su Haas (+0&#8243;270). A seguire il compagno di squadra di Verstappen, Sergio Perez, quarto a 0&#8243;312, quinto Esteban Ocon su Alpine (+0&#8243;335), quindi le due Ferrari: sesto Charles Leclerc (+0&#8243;339), settimo Carlos Sainz (+0&#8243;367).<br \/>&#8211; foto LivePhotoSport &#8211;<br \/>(ITALPRESS).<\/div>\n<div id=\"div-gpt-ad-Messinaoggi.it-DSK-300x250-corpoart\" style=\"text-align:center;margin:0 auto;\"><\/div><\/p><div id=\"videoincontent\" style=\"clear:both\";><\/div>","protected":false},"excerpt":{"rendered":"<p>BARCELLONE (SPAGNA) (ITALPRESS) &#8211; Max Verstappen \u00e8 risultato il pi\u00f9 veloce nelle seconde prove libere del Gp di Spagna, in programma domenica sul circuito di Barcellona. L&#8217;olandese due volte campione del mondo, che era stato il pi\u00f9 veloce gi\u00e0 nelle prime libere di giornata, ha fermato il cronometro con la sua Red Bull in 1&#8217;13&#8243;907, [&hellip;]<\/p>\n","protected":false},"author":18,"featured_media":157926,"comment_status":"closed","ping_status":"closed","sticky":false,"template":"","format":"standard","meta":{"ub_ctt_via":"","_mi_skip_tracking":false},"categories":[446],"tags":[783],"featured_image_src":"https:\/\/www.messinaoggi.it\/website\/wp-content\/uploads\/2023\/06\/20230602_0677.jpg","author_info":{"display_name":"Admin","author_link":"https:\/\/www.messinaoggi.it\/website\/author\/admin\/"},"digistream_id":0,"digistream":false,"_links":{"self":[{"href":"https:\/\/www.messinaoggi.it\/website\/wp-json\/wp\/v2\/posts\/157925"}],"collection":[{"href":"https:\/\/www.messinaoggi.it\/website\/wp-json\/wp\/v2\/posts"}],"about":[{"href":"https:\/\/www.messinaoggi.it\/website\/wp-json\/wp\/v2\/types\/post"}],"author":[{"embeddable":true,"href":"https:\/\/www.messinaoggi.it\/website\/wp-json\/wp\/v2\/users\/18"}],"replies":[{"embeddable":true,"href":"https:\/\/www.messinaoggi.it\/website\/wp-json\/wp\/v2\/comments?post=157925"}],"version-history":[{"count":0,"href":"https:\/\/www.messinaoggi.it\/website\/wp-json\/wp\/v2\/posts\/157925\/revisions"}],"wp:featuredmedia":[{"embeddable":true,"href":"https:\/\/www.messinaoggi.it\/website\/wp-json\/wp\/v2\/media\/157926"}],"wp:attachment":[{"href":"https:\/\/www.messinaoggi.it\/website\/wp-json\/wp\/v2\/media?parent=157925"}],"wp:term":[{"taxonomy":"category","embeddable":true,"href":"https:\/\/www.messinaoggi.it\/website\/wp-json\/wp\/v2\/categories?post=157925"},{"taxonomy":"post_tag","embeddable":true,"href":"https:\/\/www.messinaoggi.it\/website\/wp-json\/wp\/v2\/tags?post=157925"}],"curies":[{"name":"wp","href":"https:\/\/api.w.org\/{rel}","templated":true}]}}