{"id":157903,"date":"2023-06-02T18:07:54","date_gmt":"2023-06-02T16:07:54","guid":{"rendered":"https:\/\/www.messinaoggi.it\/website\/2023\/06\/02\/ufficiale-il-rinnovo-di-leao-al-milan-fino-al-2028\/"},"modified":"2023-06-02T18:07:54","modified_gmt":"2023-06-02T16:07:54","slug":"ufficiale-il-rinnovo-di-leao-al-milan-fino-al-2028","status":"publish","type":"post","link":"https:\/\/www.messinaoggi.it\/website\/2023\/06\/02\/ufficiale-il-rinnovo-di-leao-al-milan-fino-al-2028\/","title":{"rendered":"Ufficiale il rinnovo di Leao, al Milan fino al 2028"},"content":{"rendered":"<div>MILANO (ITALPRESS) &#8211; Il Milan ha ufficializzato il &#8220;prolungamento del contratto di Rafael Alexandre da Concei\u00e7\u00e0o Le\u00e0o fino al 30 giugno 2028. Arrivato nell&#8217;estate 2019, Rafael ha collezionato 162 presenze, 41 goal e 29 assist in rossonero e si \u00e8 imposto nel campionato italiano come &#8216;Miglior Calciatore della Serie A&#8217; della scorsa stagione. AC Milan e Rafael proseguiranno il loro cammino insieme&#8221;, l&#8217;annuncio del club rossonero con una nota. <br \/>&#8220;Adesso potr\u00f2 andare in vacanza tranquillo, sereno. Sono molto contento di aver rinnovato il contratto perch\u00e8 \u00e8 una cosa che volevo da tempo. Speriamo di fare grandi cose in futuro. E&#8217; stato un lungo percorso e sono felice che siamo arrivati a un accordo. L&#8217;anno prossimo vogliamo vincere tante cose. Adesso per\u00f2 massima concentrazione per la gara col Verona&#8221; le prime parole del portoghese dopo la firma del nuovo contratto.<br \/>&#8211; foto LivePhotoSport &#8211; <br \/>(ITALPRESS).<\/div>\n<div id=\"div-gpt-ad-Messinaoggi.it-DSK-300x250-corpoart\" style=\"text-align:center;margin:0 auto;\"><\/div><\/p><div id=\"videoincontent\" style=\"clear:both\";><\/div>","protected":false},"excerpt":{"rendered":"<p>MILANO (ITALPRESS) &#8211; Il Milan ha ufficializzato il &#8220;prolungamento del contratto di Rafael Alexandre da Concei\u00e7\u00e0o Le\u00e0o fino al 30 giugno 2028. Arrivato nell&#8217;estate 2019, Rafael ha collezionato 162 presenze, 41 goal e 29 assist in rossonero e si \u00e8 imposto nel campionato italiano come &#8216;Miglior Calciatore della Serie A&#8217; della scorsa stagione. AC Milan [&hellip;]<\/p>\n","protected":false},"author":18,"featured_media":157904,"comment_status":"closed","ping_status":"closed","sticky":false,"template":"","format":"standard","meta":{"ub_ctt_via":"","_mi_skip_tracking":false},"categories":[446],"tags":[783],"featured_image_src":"https:\/\/www.messinaoggi.it\/website\/wp-content\/uploads\/2023\/06\/20230602_0618.jpg","author_info":{"display_name":"Admin","author_link":"https:\/\/www.messinaoggi.it\/website\/author\/admin\/"},"digistream_id":0,"digistream":false,"_links":{"self":[{"href":"https:\/\/www.messinaoggi.it\/website\/wp-json\/wp\/v2\/posts\/157903"}],"collection":[{"href":"https:\/\/www.messinaoggi.it\/website\/wp-json\/wp\/v2\/posts"}],"about":[{"href":"https:\/\/www.messinaoggi.it\/website\/wp-json\/wp\/v2\/types\/post"}],"author":[{"embeddable":true,"href":"https:\/\/www.messinaoggi.it\/website\/wp-json\/wp\/v2\/users\/18"}],"replies":[{"embeddable":true,"href":"https:\/\/www.messinaoggi.it\/website\/wp-json\/wp\/v2\/comments?post=157903"}],"version-history":[{"count":0,"href":"https:\/\/www.messinaoggi.it\/website\/wp-json\/wp\/v2\/posts\/157903\/revisions"}],"wp:featuredmedia":[{"embeddable":true,"href":"https:\/\/www.messinaoggi.it\/website\/wp-json\/wp\/v2\/media\/157904"}],"wp:attachment":[{"href":"https:\/\/www.messinaoggi.it\/website\/wp-json\/wp\/v2\/media?parent=157903"}],"wp:term":[{"taxonomy":"category","embeddable":true,"href":"https:\/\/www.messinaoggi.it\/website\/wp-json\/wp\/v2\/categories?post=157903"},{"taxonomy":"post_tag","embeddable":true,"href":"https:\/\/www.messinaoggi.it\/website\/wp-json\/wp\/v2\/tags?post=157903"}],"curies":[{"name":"wp","href":"https:\/\/api.w.org\/{rel}","templated":true}]}}