{"id":157891,"date":"2023-06-02T15:32:26","date_gmt":"2023-06-02T13:32:26","guid":{"rendered":"http:\/\/www.messinaoggi.it\/website\/?p=157891"},"modified":"2023-06-02T19:38:12","modified_gmt":"2023-06-02T17:38:12","slug":"taormina-ecco-la-nuova-squadra-di-governo-di-de-luca","status":"publish","type":"post","link":"https:\/\/www.messinaoggi.it\/website\/2023\/06\/02\/taormina-ecco-la-nuova-squadra-di-governo-di-de-luca\/","title":{"rendered":"Taormina, ecco la nuova squadra di Governo di De Luca"},"content":{"rendered":"\n<p>\u00c8 stata composta la squadra di Governo che affiancher\u00e0 il sindaco di Taormina Cateno De Luca nell\u2019Amministrazione della citt\u00e0. Il primo cittadino ha firmato il decreto di nomina degli assessori.<div id=\"div-gpt-ad-Messinaoggi.it-DSK-300x250-corpoart\" style=\"text-align:center;margin:0 auto;\"><\/div><\/p>\n\n\n\n<p>La giunta municipale \u00e8 cos\u00ec composta:<div id=\"videoincontent\" style=\"clear:both\";><\/div><\/p>\n\n\n\n<p>Giuseppe Sterrantino che \u00e8 stato anche nominato vicesindaco:<\/p>\n\n\n\n<p>\u25cf      Bilancio e programmazione economica<\/p>\n\n\n\n<p>\u25cf      Contrasto all&#8217;evasione ed elusione tributaria locale<\/p>\n\n\n\n<p>\u25cf      Partecipate <\/p>\n\n\n\n<p>\u25cf      Gestione e valorizzazione patrimonio comunale<\/p>\n\n\n\n<p>\u25cf      Cimitero<\/p>\n\n\n\n<p>\u25cf      Agricoltura e politiche agroalimentare<\/p>\n\n\n\n<p>\u25cf      Individuazione, programmazione, monitoraggio e rendicontazione fondi europei<\/p>\n\n\n\n<p>Antonio Lo Monaco<\/p>\n\n\n\n<p>\u25cf      Pianificazione ed efficientamento risorse idriche ed energetiche<\/p>\n\n\n\n<p>\u25cf      Pianificazione infrastrutture ciclo rifiuti<\/p>\n\n\n\n<p>\u25cf      Informatizzazione e digitalizzazione<\/p>\n\n\n\n<p>\u25cf      Transizione ecologica e politiche ambientali<\/p>\n\n\n\n<p>\u25cf      Infrastrutture e lavori pubblici<\/p>\n\n\n\n<p>\u25cf      Edilizia pubblica e privata<\/p>\n\n\n\n<p>\u25cf      Beni culturali ed ambientali<\/p>\n\n\n\n<p>\u25cf      Beni demaniali marittimi e fluviali<\/p>\n\n\n\n<p>\u25cf      Toponomastica<\/p>\n\n\n\n<p>\u25cf      Politiche del mare<\/p>\n\n\n\n<p>\u25cf      Difesa del suolo<\/p>\n\n\n\n<p>\u25cf      Realizzazione ed efficientamento reti e sottoservizi<\/p>\n\n\n\n<p>\u25cf      Sicurezza sui luoghi di lavoro<\/p>\n\n\n\n<p>\u25cf      Protezione civile<\/p>\n\n\n\n<p>\u25cf      Pronto intervento<\/p>\n\n\n\n<p>Alessandra Cullura&#8217;<\/p>\n\n\n\n<p>\u25cf      Cerimoniale ed Ufficio di Gabinetto del Sindaco<\/p>\n\n\n\n<p>\u25cf      Politiche sociali e del volontariato<\/p>\n\n\n\n<p>\u25cf      Pubblica istruzione e servizi scolastici<\/p>\n\n\n\n<p>\u25cf      Rapporti con le istituzioni religiose<\/p>\n\n\n\n<p>\u25cf      Politiche culturali<\/p>\n\n\n\n<p>\u25cf      Pari oppurtunit\u00e0<\/p>\n\n\n\n<p>\u25cf      Politiche della salute ed igienico sanitarie<\/p>\n\n\n\n<p>\u25cf      Baratto amministrativo e banca del tempo<\/p>\n\n\n\n<p>Mario Quattrocchi<\/p>\n\n\n\n<p>\u25cf      Politiche sportive<\/p>\n\n\n\n<p>\u25cf      Politiche giovanili<\/p>\n\n\n\n<p>\u25cf      Antichi mestieri e tradizioni popolari<\/p>\n\n\n\n<p>\u25cf      Costituzione fondazione per la promozione paesaggistica e culturale della citt\u00e0<\/p>\n\n\n\n<p>\u25cf      Associazionismo<\/p>\n\n\n\n<p>\u25cf      Attuazione decentramento amministrativo<\/p>\n\n\n\n<p>Jonathan Sferra<\/p>\n\n\n\n<p>\u25cf      Turismo e brand Taormina<\/p>\n\n\n\n<p>\u25cf      Spettacolo e Grandi eventi<\/p>\n\n\n\n<p>\u25cf      Rapporti con gli enti teatrali e Musicali<\/p>\n\n\n\n<p>\u25cf      Attivit\u00e0 produttive e promozionali<\/p>\n\n\n\n<p>\u25cf      Rivitalizzazione e decoro urbano e spazi pubblici<\/p>\n\n\n\n<p>Il sindaco ha tenuto per s\u00e9 le seguenti deleghe: Rapporti con le istituzioni provinciali, regionali, nazionali ed europee; Rapporti con il consiglio comunale; Risorse umane; Polizia municipale e sicurezza urbana; Casin\u00f2 di Taormina; Contenzioso; Mobilit\u00e0 Urbana ed extraurbana; Pianificazione urbana e programmi complessi; Piano strategico urbano e di area vasta; Smart City; Riorganizzazione degli uffici e dei servizi municipali e delle partecipate.<\/p>\n\n\n\n<p>&#8220;Oggi &#8211; ha affermato il sindaco Cateno De Luca, inizia una nuova fase. Abbiamo scelto proprio oggi, giorno della Festa della Repubblica per lanciare un messaggio: onoriamo le istituzioni rispettandole. Noi siamo in questo palazzo, ognuno nei rispettivi ruoli, perch\u00e9 abbiamo un compito, ovvero lavorare nell&#8217;interesse della comunit\u00e0. L&#8217;augurio che faccio ai miei assessori \u00e8 di resistere 5 anni al mio fianco. Il lavoro che ci aspetta non \u00e8 duro, \u00e8 inimmaginabile e richiede il massimo impegno. Procediamo a questo atto formale con una prima novit\u00e0. La nomina degli assessori avviene non con determina, ma con decreto perch\u00e9 voglio gi\u00e0 tracciare una netta distinzione tra la mia attivit\u00e0 e quella degli uffici. Come gi\u00e0 detto inoltre nei giorni scorsi ho richiesto per gli assessori la verifica della sussistenza o meno di cause di incandidabilit\u00e0, inconferibilit\u00e0, ineleggibilit\u00e0 e incompatibilit\u00e0 a Loro carico con particolare riferimento alle pendenze tributarie con il comune di Taormina. In passato non si \u00e8 mai proceduto a fare una complessiva ed effettiva verifica della presenza in giunta municipale o in consiglio comunale di evasori dei tributi locali. Ed \u00e8 una verifica che chieder\u00f2 per tutti i componenti del consiglio comunale, per i dipendenti e per chi intraprender\u00e0 rapporti con l&#8217;ente. Questo perch\u00e9 il comportamento del Palazzo orienta il comportamento della comunit\u00e0. Noi dobbiamo dare l&#8217;esempio. Oltre a servire al meglio la nostra comunit\u00e0 auspico che ciascuno di voi interpreti il ruolo che ha con spirito di servizio. E che il ruolo che oggi assume al cospetto della comunit\u00e0 non vi spinga mai in certe tentazioni.&#8221;<\/p>\n","protected":false},"excerpt":{"rendered":"<p>\u00c8 stata composta la squadra di Governo che affiancher\u00e0 il sindaco di Taormina Cateno De Luca nell\u2019Amministrazione della citt\u00e0. Il primo cittadino ha firmato il decreto di nomina degli assessori. La giunta municipale \u00e8 cos\u00ec composta: Giuseppe Sterrantino che \u00e8 stato anche nominato vicesindaco: \u25cf Bilancio e programmazione economica \u25cf Contrasto all&#8217;evasione ed elusione tributaria [&hellip;]<\/p>\n","protected":false},"author":4,"featured_media":157892,"comment_status":"open","ping_status":"open","sticky":false,"template":"","format":"standard","meta":{"ub_ctt_via":"","_mi_skip_tracking":false},"categories":[3],"tags":[126,8013],"featured_image_src":"https:\/\/www.messinaoggi.it\/website\/wp-content\/uploads\/2023\/06\/GIUNTA-TAORMINA.jpeg","author_info":{"display_name":"redme","author_link":"https:\/\/www.messinaoggi.it\/website\/author\/redme\/"},"digistream_id":0,"digistream":false,"_links":{"self":[{"href":"https:\/\/www.messinaoggi.it\/website\/wp-json\/wp\/v2\/posts\/157891"}],"collection":[{"href":"https:\/\/www.messinaoggi.it\/website\/wp-json\/wp\/v2\/posts"}],"about":[{"href":"https:\/\/www.messinaoggi.it\/website\/wp-json\/wp\/v2\/types\/post"}],"author":[{"embeddable":true,"href":"https:\/\/www.messinaoggi.it\/website\/wp-json\/wp\/v2\/users\/4"}],"replies":[{"embeddable":true,"href":"https:\/\/www.messinaoggi.it\/website\/wp-json\/wp\/v2\/comments?post=157891"}],"version-history":[{"count":2,"href":"https:\/\/www.messinaoggi.it\/website\/wp-json\/wp\/v2\/posts\/157891\/revisions"}],"predecessor-version":[{"id":157931,"href":"https:\/\/www.messinaoggi.it\/website\/wp-json\/wp\/v2\/posts\/157891\/revisions\/157931"}],"wp:featuredmedia":[{"embeddable":true,"href":"https:\/\/www.messinaoggi.it\/website\/wp-json\/wp\/v2\/media\/157892"}],"wp:attachment":[{"href":"https:\/\/www.messinaoggi.it\/website\/wp-json\/wp\/v2\/media?parent=157891"}],"wp:term":[{"taxonomy":"category","embeddable":true,"href":"https:\/\/www.messinaoggi.it\/website\/wp-json\/wp\/v2\/categories?post=157891"},{"taxonomy":"post_tag","embeddable":true,"href":"https:\/\/www.messinaoggi.it\/website\/wp-json\/wp\/v2\/tags?post=157891"}],"curies":[{"name":"wp","href":"https:\/\/api.w.org\/{rel}","templated":true}]}}