{"id":157885,"date":"2023-06-02T13:07:52","date_gmt":"2023-06-02T11:07:52","guid":{"rendered":"https:\/\/www.messinaoggi.it\/website\/2023\/06\/02\/meloni-lavorare-tutti-insieme-nessuno-da-solo-esce-da-crisi\/"},"modified":"2023-06-02T13:07:52","modified_gmt":"2023-06-02T11:07:52","slug":"meloni-lavorare-tutti-insieme-nessuno-da-solo-esce-da-crisi","status":"publish","type":"post","link":"https:\/\/www.messinaoggi.it\/website\/2023\/06\/02\/meloni-lavorare-tutti-insieme-nessuno-da-solo-esce-da-crisi\/","title":{"rendered":"Meloni \u201cLavorare tutti insieme, nessuno da solo esce da crisi\u201d"},"content":{"rendered":"<div>ROMA (ITALPRESS) &#8211; &#8220;Questa \u00e8 la festa di una comunit\u00e0 e per comunit\u00e0 intendo la consapevolezza che quello che abbiamo qualcuno lo ha costruito con sacrificio, anche estremo. Niente \u00e8 calato cos\u00ec per caso. Quindi noi abbiamo un dovere verso gli italiani. Quindi o ci mettiamo a lavorare tutti insieme capendo che siamo tutti parte della stessa comunit\u00e0 o nessuno da solo pu\u00f2 uscire dalla crisi&#8221;. Cos\u00ec la premier Giorgia Meloni, parlando con i giornalisti nel corso della festa della Repubblica. &#8220;O noi capiamo che sia che ci siano difficolt\u00e0 o le cose vadano bene, ne usciamo solo insieme e serve che ciascuno faccia la sua parte o non c&#8217;\u00e8 nessuno che da solo pu\u00f2 risolvere i problemi. Capire che noi siamo tutti legati \u00e8 l&#8217;elemento culturale che serve per capire anche che dobbiamo anche remare tutti nella stessa direzione&#8221;, ha aggiunto.<br \/>\n(ITALPRESS).<br \/>\n-foto Palazzo Chigi-<\/div>\n<div id=\"div-gpt-ad-Messinaoggi.it-DSK-300x250-corpoart\" style=\"text-align:center;margin:0 auto;\"><\/div><\/p><div id=\"videoincontent\" style=\"clear:both\";><\/div>","protected":false},"excerpt":{"rendered":"<p>ROMA (ITALPRESS) &#8211; &#8220;Questa \u00e8 la festa di una comunit\u00e0 e per comunit\u00e0 intendo la consapevolezza che quello che abbiamo qualcuno lo ha costruito con sacrificio, anche estremo. Niente \u00e8 calato cos\u00ec per caso. Quindi noi abbiamo un dovere verso gli italiani. Quindi o ci mettiamo a lavorare tutti insieme capendo che siamo tutti parte [&hellip;]<\/p>\n","protected":false},"author":18,"featured_media":157886,"comment_status":"closed","ping_status":"closed","sticky":false,"template":"","format":"standard","meta":{"ub_ctt_via":"","_mi_skip_tracking":false},"categories":[446],"tags":[783],"featured_image_src":"https:\/\/www.messinaoggi.it\/website\/wp-content\/uploads\/2023\/06\/20230602_0174.jpg","author_info":{"display_name":"Admin","author_link":"https:\/\/www.messinaoggi.it\/website\/author\/admin\/"},"digistream_id":0,"digistream":false,"_links":{"self":[{"href":"https:\/\/www.messinaoggi.it\/website\/wp-json\/wp\/v2\/posts\/157885"}],"collection":[{"href":"https:\/\/www.messinaoggi.it\/website\/wp-json\/wp\/v2\/posts"}],"about":[{"href":"https:\/\/www.messinaoggi.it\/website\/wp-json\/wp\/v2\/types\/post"}],"author":[{"embeddable":true,"href":"https:\/\/www.messinaoggi.it\/website\/wp-json\/wp\/v2\/users\/18"}],"replies":[{"embeddable":true,"href":"https:\/\/www.messinaoggi.it\/website\/wp-json\/wp\/v2\/comments?post=157885"}],"version-history":[{"count":0,"href":"https:\/\/www.messinaoggi.it\/website\/wp-json\/wp\/v2\/posts\/157885\/revisions"}],"wp:featuredmedia":[{"embeddable":true,"href":"https:\/\/www.messinaoggi.it\/website\/wp-json\/wp\/v2\/media\/157886"}],"wp:attachment":[{"href":"https:\/\/www.messinaoggi.it\/website\/wp-json\/wp\/v2\/media?parent=157885"}],"wp:term":[{"taxonomy":"category","embeddable":true,"href":"https:\/\/www.messinaoggi.it\/website\/wp-json\/wp\/v2\/categories?post=157885"},{"taxonomy":"post_tag","embeddable":true,"href":"https:\/\/www.messinaoggi.it\/website\/wp-json\/wp\/v2\/tags?post=157885"}],"curies":[{"name":"wp","href":"https:\/\/api.w.org\/{rel}","templated":true}]}}