{"id":157867,"date":"2023-06-02T10:07:57","date_gmt":"2023-06-02T08:07:57","guid":{"rendered":"https:\/\/www.messinaoggi.it\/website\/2023\/06\/02\/mattarella-valori-del-2-giugno-pilastri-della-costituzione\/"},"modified":"2023-06-02T15:35:32","modified_gmt":"2023-06-02T13:35:32","slug":"mattarella-valori-del-2-giugno-pilastri-della-costituzione","status":"publish","type":"post","link":"https:\/\/www.messinaoggi.it\/website\/2023\/06\/02\/mattarella-valori-del-2-giugno-pilastri-della-costituzione\/","title":{"rendered":"Mattarella \u201cValori del 2 giugno pilastri della Costituzione\u201d"},"content":{"rendered":"<div>ROMA (ITALPRESS) &#8211; &#8220;Celebriamo oggi il 77\u00b0 anniversario della nascita della Repubblica. I valori della scelta del 2 giugno 1946, trasfusi nella Carta costituzionale di cui ricordiamo i 75 anni di vita, continuano a guidarci nel cammino di un&#8217;Italia autorevole protagonista in quell&#8217;Unione Europea che abbiamo contribuito a edificare. Libert\u00e0, uguaglianza, solidariet\u00e0, rispetto dei diritti dei singoli e delle comunit\u00e0 sono pilastri fondamentali della nostra Carta costituzionale. Ai valori della Repubblica e della Costituzione si ispira l&#8217;azione delle Forze Armate, che contribuiscono in maniera significativa alla cornice di sicurezza della nostra comunit\u00e0 nazionale e alla causa della pace nel mondo&#8221;. Cos\u00ec il presidente della Repubblica, Sergio Mattarella, in un messaggio inviato al capo di Stato Maggiore della Difesa, ammiraglio Giuseppe Cavo Dragone, in occasione della Festa della Repubblica. &#8220;La comunanza di intenti e la sinergia che esprimono con i contingenti di altri Paesi, nell&#8217;ambito delle missioni determinate dalla comunit\u00e0 internazionale sono elementi cruciali per la costruzione di una architettura di sicurezza condivisa, fondamento di stabilit\u00e0 sociale e benessere collettivo&#8221;, aggiunge. &#8220;L&#8217;orizzonte di una difesa europea realmente integrata \u00e8 la nuova sfida che attende le Forze Armate. I riconoscimenti degli alleati e dei Paesi amici, la stima e l&#8217;affetto delle popolazioni che i nostri militari assistono, sono prova eloquente della qualit\u00e0 del loro impegno e della credibilit\u00e0 conquistate nelle missioni di pace e di sicurezza al servizio del bene comune. Ad oltre un anno di distanza, la Repubblica Italiana, insieme alla comunit\u00e0 internazionale, \u00e8 ancora impegnata a contrastare l&#8217;aggressione condotta dalla Federazione Russa al popolo ucraino. L&#8217;Italia &#8211; sottolinea il capo delllo Stato &#8211; \u00e8 fermamente schierata per la difesa della sua libert\u00e0, integrit\u00e0 territoriale e indipendenza, perch\u00e8 non vi sia un futuro nel quale la forza del diritto viene sostituita dal diritto del pi\u00f9 forte. Una ordinata comunit\u00e0 internazionale non pu\u00f2 che basarsi sul rispetto di questi principi. Nel ricordo di quanti hanno donato la vita per difendere e diffondere questi valori, rivolgo il mio pensiero a tutti i caduti e alle loro famiglie. Il loro esempio ci \u00e8 di guida e sollecita l&#8217;impegno per le giovani generazioni di soldati, marinai, avieri, carabinieri e finanzieri, per preservare e rafforzare per il futuro, nell&#8217;assolvimento del compito cui vengono chiamati dalle libere istituzioni, le condizioni di pace e benessere che abbiamo costruito. In questo giorno di festa formulo a tutti gli appartenenti alle Forze Armate di ogni ordine e grado, con sentimenti di gratitudine per il servizio svolto, il pi\u00f9 fervido augurio. Viva le Forze Armate, viva la Repubblica&#8221;, conclude Mattarella.<br \/>(ITALPRESS).<br \/>-foto agenziafotogramma.it-<\/div>\n<div id=\"div-gpt-ad-Messinaoggi.it-DSK-300x250-corpoart\" style=\"text-align:center;margin:0 auto;\"><\/div><\/p><div id=\"videoincontent\" style=\"clear:both\";><\/div>","protected":false},"excerpt":{"rendered":"<p>ROMA (ITALPRESS) &#8211; &#8220;Celebriamo oggi il 77\u00b0 anniversario della nascita della Repubblica. I valori della scelta del 2 giugno 1946, trasfusi nella Carta costituzionale di cui ricordiamo i 75 anni di vita, continuano a guidarci nel cammino di un&#8217;Italia autorevole protagonista in quell&#8217;Unione Europea che abbiamo contribuito a edificare. Libert\u00e0, uguaglianza, solidariet\u00e0, rispetto dei diritti [&hellip;]<\/p>\n","protected":false},"author":18,"featured_media":157868,"comment_status":"closed","ping_status":"closed","sticky":false,"template":"","format":"standard","meta":{"ub_ctt_via":"","_mi_skip_tracking":false},"categories":[446,6],"tags":[783],"featured_image_src":"https:\/\/www.messinaoggi.it\/website\/wp-content\/uploads\/2023\/06\/20230602_0096.jpg","author_info":{"display_name":"Admin","author_link":"https:\/\/www.messinaoggi.it\/website\/author\/admin\/"},"digistream_id":0,"digistream":false,"_links":{"self":[{"href":"https:\/\/www.messinaoggi.it\/website\/wp-json\/wp\/v2\/posts\/157867"}],"collection":[{"href":"https:\/\/www.messinaoggi.it\/website\/wp-json\/wp\/v2\/posts"}],"about":[{"href":"https:\/\/www.messinaoggi.it\/website\/wp-json\/wp\/v2\/types\/post"}],"author":[{"embeddable":true,"href":"https:\/\/www.messinaoggi.it\/website\/wp-json\/wp\/v2\/users\/18"}],"replies":[{"embeddable":true,"href":"https:\/\/www.messinaoggi.it\/website\/wp-json\/wp\/v2\/comments?post=157867"}],"version-history":[{"count":1,"href":"https:\/\/www.messinaoggi.it\/website\/wp-json\/wp\/v2\/posts\/157867\/revisions"}],"predecessor-version":[{"id":157895,"href":"https:\/\/www.messinaoggi.it\/website\/wp-json\/wp\/v2\/posts\/157867\/revisions\/157895"}],"wp:featuredmedia":[{"embeddable":true,"href":"https:\/\/www.messinaoggi.it\/website\/wp-json\/wp\/v2\/media\/157868"}],"wp:attachment":[{"href":"https:\/\/www.messinaoggi.it\/website\/wp-json\/wp\/v2\/media?parent=157867"}],"wp:term":[{"taxonomy":"category","embeddable":true,"href":"https:\/\/www.messinaoggi.it\/website\/wp-json\/wp\/v2\/categories?post=157867"},{"taxonomy":"post_tag","embeddable":true,"href":"https:\/\/www.messinaoggi.it\/website\/wp-json\/wp\/v2\/tags?post=157867"}],"curies":[{"name":"wp","href":"https:\/\/api.w.org\/{rel}","templated":true}]}}