{"id":157863,"date":"2023-06-02T10:07:53","date_gmt":"2023-06-02T08:07:53","guid":{"rendered":"https:\/\/www.messinaoggi.it\/website\/2023\/06\/02\/milano-serravalle-lo-presti-strada-verso-futuro-e-green-e-sostenibile\/"},"modified":"2023-06-02T10:07:53","modified_gmt":"2023-06-02T08:07:53","slug":"milano-serravalle-lo-presti-strada-verso-futuro-e-green-e-sostenibile","status":"publish","type":"post","link":"https:\/\/www.messinaoggi.it\/website\/2023\/06\/02\/milano-serravalle-lo-presti-strada-verso-futuro-e-green-e-sostenibile\/","title":{"rendered":"Milano Serravalle, Lo Presti \u201cStrada verso futuro \u00e8 green e sostenibile\u201d"},"content":{"rendered":"<div>MILANO (ITALPRESS) &#8211; Una mobilit\u00e0 sempre pi\u00f9 sostenibile e green, con la sicurezza come priorit\u00e0: \u00e8 l&#8217;idea alla base dei progetti di Milano Serravalle-Milano Tangenziali in vista delle prossime Olimpiadi invernali di Milano-Cortina, ma non solo, illustrati dal presidente Beniamino Lo Presti in un&#8217;intervista a Claudio Brachino per il magazine televisivo Italpress Economy.<br \/>Le Olimpiadi del 2026 &#8220;saranno un evento di importanza ecumenica&#8221; e Milano Serravalle si approccia a questo evento &#8220;cercando di valorizzare ed enfatizzare le caratteristiche che la connotano: un&#8217;iniziativa di cui andiamo fieri \u00e8 la creazione della &#8216;Milano Green Door&#8217;, un&#8217;area all&#8217;ingresso della citt\u00e0 che avr\u00e0 un co-working, una zona wellness&#8221;.<br \/>Ci sar\u00e0 poi &#8220;la possibilit\u00e0 di usare servizi di tele-pedaggio e, grazie alla collaborazione con il gruppo FNM si potranno noleggiare e-bike ed e-Car&#8221;, ha detto Lo Presti. Il progetto prevede anche la realizzazione di una &#8220;ciclabile che si congiunger\u00e0 a quella gi\u00e0 esistente lungo il Naviglio Pavese&#8221; e di &#8220;un sistema di produzione di energia fotovoltaica, che autoalimenter\u00e0 il sito e che costituir\u00e0 la prima comunit\u00e0 energetica mai sperimentata su una rete autostradale in Italia&#8221;, ha spiegato.<br \/>Un progetto che mostra anche l&#8217;idea di futuro dell&#8217;azienda. &#8220;La mobilit\u00e0 \u00e8 inesorabilmente collegata alla sostenibilit\u00e0 e alla transizione energetica: sono paradigmi che convivono&#8221;, ha sottolineato Lo Presti. Per questo, &#8220;Milano Serravalle si sta adoperando per la valorizzazione di impianti di idrogeno per la mobilit\u00e0&#8221;, con l&#8217;installazione di &#8220;5 stazioni di servizio a idrogeno&#8221;.<br \/>La mobilit\u00e0 sostenibile per\u00f2 prevede anche &#8220;il riaffermarsi di un altro principio, quello della sicurezza&#8221;: Milano Serravalle ha istituito il progetto &#8216;Smart Road&#8217; che, con un sistema di rilevazione traffico tecnologicamente avanzato, permetter\u00e0 &#8220;di monitorare in tempo reale i flussi di traffico, elaborare e anticipare le previsioni e intervenire immediatamente&#8221;. Si tratta di &#8220;un sistema di interconnessione tra tutti i veicoli e i soggetti che orbitano intorno alla nostra rete autostradale&#8221;.<br \/>La strada &#8220;\u00e8 civilt\u00e0 e progresso&#8221;, ma anche &#8220;espressione di libert\u00e0 di circolazione e di movimento&#8221;. Bisogna &#8220;utilizzarla come strumento&#8221; ma &#8220;sempre nel rispetto rigoroso del codice della strada, salvaguardando se stessi e gli altri&#8221;, ha ricordato Lo Presti.<br \/>Oltre alla visione per il futuro, &#8220;il vero valore di un&#8217;azienda risiede nel capitale umano&#8221;: Milano Serravalle \u00e8 &#8220;una concessionaria autostradale che occupa circa 600 dipendenti, gestisce 187 km di rete con un traffico veicolare di 13,5 milioni su base mensile&#8221;. &#8220;La mia nomina risale a giugno 2021, un periodo di particolare tristezza e forte indeterminatezza, non eravamo ancora usciti dalla pandemia e si era sperimentato un modo diverso di approcciarsi all&#8217;attivit\u00e0 lavorativa&#8221;, ha sottolineato il presidente. Il primo obiettivo fu &#8220;ristabilire fiducia e ricreare nelle figure apicali il desiderio di riappropriarsi della motivazione&#8221;. &#8220;Abbiamo immaginato un percorso formativo per dare loro la possibilit\u00e0 di sentirsi protagonisti, approfittando di quel contesto e valorizzando la resilienza&#8221; delle persone. &#8220;Lo abbiamo fatto facendo in modo che le figure apicali avessero la possibilit\u00e0 di trasformare i risultati negativi e gli eventi infausti in una vittoria che si sarebbe trasformata in un successo permanente: questo \u00e8 stato il nostro impegno principale&#8221;, ha concluso Lo Presti.<div id=\"div-gpt-ad-Messinaoggi.it-DSK-300x250-corpoart\" style=\"text-align:center;margin:0 auto;\"><\/div><\/p>\n<p>&#8211; foto Italpress &#8211;<div id=\"videoincontent\" style=\"clear:both\";><\/div><\/p>\n<p>(ITALPRESS).<\/p><\/div>\n","protected":false},"excerpt":{"rendered":"<p>MILANO (ITALPRESS) &#8211; Una mobilit\u00e0 sempre pi\u00f9 sostenibile e green, con la sicurezza come priorit\u00e0: \u00e8 l&#8217;idea alla base dei progetti di Milano Serravalle-Milano Tangenziali in vista delle prossime Olimpiadi invernali di Milano-Cortina, ma non solo, illustrati dal presidente Beniamino Lo Presti in un&#8217;intervista a Claudio Brachino per il magazine televisivo Italpress Economy.Le Olimpiadi del [&hellip;]<\/p>\n","protected":false},"author":18,"featured_media":157864,"comment_status":"closed","ping_status":"closed","sticky":false,"template":"","format":"standard","meta":{"ub_ctt_via":"","_mi_skip_tracking":false},"categories":[446],"tags":[783],"featured_image_src":"https:\/\/www.messinaoggi.it\/website\/wp-content\/uploads\/2023\/06\/20230602_0085.jpg","author_info":{"display_name":"Admin","author_link":"https:\/\/www.messinaoggi.it\/website\/author\/admin\/"},"digistream_id":0,"digistream":false,"_links":{"self":[{"href":"https:\/\/www.messinaoggi.it\/website\/wp-json\/wp\/v2\/posts\/157863"}],"collection":[{"href":"https:\/\/www.messinaoggi.it\/website\/wp-json\/wp\/v2\/posts"}],"about":[{"href":"https:\/\/www.messinaoggi.it\/website\/wp-json\/wp\/v2\/types\/post"}],"author":[{"embeddable":true,"href":"https:\/\/www.messinaoggi.it\/website\/wp-json\/wp\/v2\/users\/18"}],"replies":[{"embeddable":true,"href":"https:\/\/www.messinaoggi.it\/website\/wp-json\/wp\/v2\/comments?post=157863"}],"version-history":[{"count":0,"href":"https:\/\/www.messinaoggi.it\/website\/wp-json\/wp\/v2\/posts\/157863\/revisions"}],"wp:featuredmedia":[{"embeddable":true,"href":"https:\/\/www.messinaoggi.it\/website\/wp-json\/wp\/v2\/media\/157864"}],"wp:attachment":[{"href":"https:\/\/www.messinaoggi.it\/website\/wp-json\/wp\/v2\/media?parent=157863"}],"wp:term":[{"taxonomy":"category","embeddable":true,"href":"https:\/\/www.messinaoggi.it\/website\/wp-json\/wp\/v2\/categories?post=157863"},{"taxonomy":"post_tag","embeddable":true,"href":"https:\/\/www.messinaoggi.it\/website\/wp-json\/wp\/v2\/tags?post=157863"}],"curies":[{"name":"wp","href":"https:\/\/api.w.org\/{rel}","templated":true}]}}