{"id":15784,"date":"2018-02-17T09:26:18","date_gmt":"2018-02-17T08:26:18","guid":{"rendered":"http:\/\/www.messinaoggi.it\/website\/?p=15784"},"modified":"2018-02-17T09:26:18","modified_gmt":"2018-02-17T08:26:18","slug":"genovese-fusione-irccs-papardo-incontro-positivo-con-assessore","status":"publish","type":"post","link":"https:\/\/www.messinaoggi.it\/website\/2018\/02\/17\/genovese-fusione-irccs-papardo-incontro-positivo-con-assessore\/","title":{"rendered":"Genovese: &quot;Fusione Irccs-Papardo, incontro positivo con assessore&quot;"},"content":{"rendered":"<p>Luigi Genovese ha incontrato ieri l&#8217;assessore alla Salute Ruggero Razza a margine della cerimonia di inaugurazione della Nemosud al Policlinico. Al centro della discussione il disegno di legge tendente ad accorpare il Papardo all&#8217;Irccs-Piemonte.<br \/>\n\u201cIl governo regionale \u2013 afferma\u00a0\u2013 si \u00e8 reso disponibile ad assumere la regia di una riflessione che verr\u00e0 estesa a tutte le categorie direttamente o indirettamente coinvolte da una vicenda che ha gi\u00e0 avuto il merito di innescare un dibattito trasversale sul futuro di una struttura fondamentale nel panorama dell\u2019offerta sanitaria destinata alla citt\u00e0 e alla provincia di Messina&#8221;.<br \/>\nPoi Genovese aggiunge: &#8220;L\u2019assessore Razza ha manifestato grande apprezzamento per l\u2019iniziativa legislativa presentata nei giorni scorsi, evidenziando la necessit\u00e0 di inserire l\u2019ipotesi di accorpamento del Papardo all\u2019IRCCS all\u2019interno di una riflessione pi\u00f9 ampia che riguarder\u00e0, trasversalmente, tutto il territorio regionale nell\u2019ottica di una revisione organica del processo che ha ridefinito l\u2019assetto delle aziende sanitarie in Sicilia&#8221;.<br \/>\nGenovese ha manifestato all&#8217;assessore apertura rispetto alle proposte che possano derivare dalle forze sociali. &#8220;Ho manifestato all\u2019assessore \u2013 prosegue il deputato \u2013 la massima disponibilit\u00e0 ad un\u2019interlocuzione costante sul tema, che vedr\u00e0 il coinvolgimento del governo regionale, della deputazione messinese e di tutte le categorie interessate. Un passaggio, questo, che sar\u00e0 propedeutico alla definitiva risoluzione di una vicenda che ha suscitato un dibattito molto acceso. A tal proposito \u2013 conclude Genovese \u2013 nei giorni scorsi ho letto e ascoltato vari spunti critici, alcuni dei quali assolutamente apprezzabili per la loro finalit\u00e0 costruttiva. Nel frattempo, per\u00f2, siamo stati costretti ad assistere ad alcune uscite pubbliche di cui avremmo fatto volentieri a meno, esternazioni platealmente messe in campo per volgari fini elettoralistici&#8221;.<br \/>\nIntanto, luned\u00ec Uil, Uil-Fpl e Anaao-Assomed terranno una conferenza stampa a Palazzo Zanca proprio sul progetto di fusione del Papardo all&#8217;IRCCS.<div id=\"div-gpt-ad-Messinaoggi.it-DSK-300x250-corpoart\" style=\"text-align:center;margin:0 auto;\"><\/div><\/p>\n<div id=\"videoincontent\" style=\"clear:both\";><\/div>","protected":false},"excerpt":{"rendered":"<p>Luigi Genovese ha incontrato ieri l&#8217;assessore alla Salute Ruggero Razza a margine della cerimonia di inaugurazione della Nemosud al Policlinico. Al centro della discussione il disegno di legge tendente ad accorpare il Papardo all&#8217;Irccs-Piemonte. \u201cIl governo regionale \u2013 afferma\u00a0\u2013 si \u00e8 reso disponibile ad assumere la regia di una riflessione che verr\u00e0 estesa a tutte [&hellip;]<\/p>\n","protected":false},"author":2,"featured_media":8220,"comment_status":"closed","ping_status":"open","sticky":false,"template":"","format":"standard","meta":{"ub_ctt_via":"","_mi_skip_tracking":false},"categories":[6],"tags":[],"featured_image_src":"https:\/\/www.messinaoggi.it\/website\/wp-content\/uploads\/2017\/09\/L-genovese-palaculturaRRP_7478-2.jpg","author_info":{"display_name":"Redazione","author_link":"https:\/\/www.messinaoggi.it\/website\/author\/redazione\/"},"digistream_id":0,"digistream":false,"_links":{"self":[{"href":"https:\/\/www.messinaoggi.it\/website\/wp-json\/wp\/v2\/posts\/15784"}],"collection":[{"href":"https:\/\/www.messinaoggi.it\/website\/wp-json\/wp\/v2\/posts"}],"about":[{"href":"https:\/\/www.messinaoggi.it\/website\/wp-json\/wp\/v2\/types\/post"}],"author":[{"embeddable":true,"href":"https:\/\/www.messinaoggi.it\/website\/wp-json\/wp\/v2\/users\/2"}],"replies":[{"embeddable":true,"href":"https:\/\/www.messinaoggi.it\/website\/wp-json\/wp\/v2\/comments?post=15784"}],"version-history":[{"count":0,"href":"https:\/\/www.messinaoggi.it\/website\/wp-json\/wp\/v2\/posts\/15784\/revisions"}],"wp:featuredmedia":[{"embeddable":true,"href":"https:\/\/www.messinaoggi.it\/website\/wp-json\/wp\/v2\/media\/8220"}],"wp:attachment":[{"href":"https:\/\/www.messinaoggi.it\/website\/wp-json\/wp\/v2\/media?parent=15784"}],"wp:term":[{"taxonomy":"category","embeddable":true,"href":"https:\/\/www.messinaoggi.it\/website\/wp-json\/wp\/v2\/categories?post=15784"},{"taxonomy":"post_tag","embeddable":true,"href":"https:\/\/www.messinaoggi.it\/website\/wp-json\/wp\/v2\/tags?post=15784"}],"curies":[{"name":"wp","href":"https:\/\/api.w.org\/{rel}","templated":true}]}}