{"id":157835,"date":"2023-06-02T09:07:52","date_gmt":"2023-06-02T07:07:52","guid":{"rendered":"https:\/\/www.messinaoggi.it\/website\/2023\/06\/02\/sanita-schillaci-infermieri-dallindia-per-colmare-carenze\/"},"modified":"2023-06-02T09:07:52","modified_gmt":"2023-06-02T07:07:52","slug":"sanita-schillaci-infermieri-dallindia-per-colmare-carenze","status":"publish","type":"post","link":"https:\/\/www.messinaoggi.it\/website\/2023\/06\/02\/sanita-schillaci-infermieri-dallindia-per-colmare-carenze\/","title":{"rendered":"Sanit\u00e0, Schillaci \u201cInfermieri dall\u2019India per colmare carenze\u201d"},"content":{"rendered":"<div>ROMA (ITALPRESS) &#8211; &#8220;Vorrei dare pi\u00f9 soldi al personale ma la filosofia del Piano \u00e8 quella di investire sulle strutture, le modifiche sono molto difficili. Vedremo, comunque, se riusciremo a ricavare anche una piccola quota per i professionisti della sanit\u00e0&#8221;. Cos\u00ec, in un&#8217;intervista a la Repubblica, il ministro della Sanit\u00e0 Orazio Schillaci, sulla possibilit\u00e0 di cambiare qualcosa della missione sanit\u00e0 del Pnrr. Sulla carenza del personale dice: &#8220;Gli infermieri mancano in tutta Europa. Per questo stiamo pensando ad accordi con Paesi extraeuropei, che potrebbero metterci a disposizione professionisti gi\u00e0 ben formati, dal punto di vista sanitario e della conoscenza della nostra lingua. Penso ad esempio all&#8217;India. Ha gi\u00e0 chiuso protocolli con il Giappone e gli Usa. Hanno una scuola infermieristica di alta qualit\u00e0 e ovviamente tantissimi abitanti&#8221;. Per i medici, invece, &#8220;la loro carenza \u00e8 diversa. E&#8217; mirata, nel senso che riguarda alcune specializzazioni che non sono attrattive, come il pronto soccorso. Abbiamo inserito in un Decreto, il 34, misure per rendere quel lavoro pi\u00f9 remunerativo e meno pesante&#8221;. Su come cambier\u00e0 la sanit\u00e0 grazie al Pnrr, il ministro spiega che &#8220;il Covid ha messo in evidenza le luci e le ombre del nostro sistema. Le prime sono stati i professionisti, le seconde la medicina del territorio. E&#8217; questa che manca, una rete al servizio del cittadino. Dobbiamo quindi fare una riforma puntando su medici di famiglia, farmacie di servizio, medicina territoriale e innovazione tecnologica. Spesso si parla dell&#8217;affollamento dei pronto soccorso, ma quello c&#8217;\u00e8 perch\u00e8 mancano alternative sul territorio. E c&#8217;\u00e8 un aspetto su cui punto molto: la digitalizzazione. La considero una svolta. E&#8217; anche uno strumento per superare tante diseguaglianze non solo tra Nord e Sud ma anche tra grandi citt\u00e0 e piccoli centri. Spero intanto che a breve il fascicolo sanitario elettronico faciliti le cose per i pazienti. Intanto abbiamo prorogato la ricetta elettronica ma grandi cambiamenti ci attendono grazie alla possibilit\u00e0 di monitorare i pazienti a casa con la telemedicina. Cos\u00ec in ospedale ci andr\u00e0 solo chi ne ha veramente bisogno&#8221;.<br \/>\n(ITALPRESS).<br \/>\n-foto agenziafotogramma.it-<\/div>\n<div id=\"div-gpt-ad-Messinaoggi.it-DSK-300x250-corpoart\" style=\"text-align:center;margin:0 auto;\"><\/div><\/p><div id=\"videoincontent\" style=\"clear:both\";><\/div>","protected":false},"excerpt":{"rendered":"<p>ROMA (ITALPRESS) &#8211; &#8220;Vorrei dare pi\u00f9 soldi al personale ma la filosofia del Piano \u00e8 quella di investire sulle strutture, le modifiche sono molto difficili. Vedremo, comunque, se riusciremo a ricavare anche una piccola quota per i professionisti della sanit\u00e0&#8221;. Cos\u00ec, in un&#8217;intervista a la Repubblica, il ministro della Sanit\u00e0 Orazio Schillaci, sulla possibilit\u00e0 di [&hellip;]<\/p>\n","protected":false},"author":18,"featured_media":157836,"comment_status":"closed","ping_status":"closed","sticky":false,"template":"","format":"standard","meta":{"ub_ctt_via":"","_mi_skip_tracking":false},"categories":[446],"tags":[783],"featured_image_src":"https:\/\/www.messinaoggi.it\/website\/wp-content\/uploads\/2023\/06\/20230602_0055.jpg","author_info":{"display_name":"Admin","author_link":"https:\/\/www.messinaoggi.it\/website\/author\/admin\/"},"digistream_id":0,"digistream":false,"_links":{"self":[{"href":"https:\/\/www.messinaoggi.it\/website\/wp-json\/wp\/v2\/posts\/157835"}],"collection":[{"href":"https:\/\/www.messinaoggi.it\/website\/wp-json\/wp\/v2\/posts"}],"about":[{"href":"https:\/\/www.messinaoggi.it\/website\/wp-json\/wp\/v2\/types\/post"}],"author":[{"embeddable":true,"href":"https:\/\/www.messinaoggi.it\/website\/wp-json\/wp\/v2\/users\/18"}],"replies":[{"embeddable":true,"href":"https:\/\/www.messinaoggi.it\/website\/wp-json\/wp\/v2\/comments?post=157835"}],"version-history":[{"count":0,"href":"https:\/\/www.messinaoggi.it\/website\/wp-json\/wp\/v2\/posts\/157835\/revisions"}],"wp:featuredmedia":[{"embeddable":true,"href":"https:\/\/www.messinaoggi.it\/website\/wp-json\/wp\/v2\/media\/157836"}],"wp:attachment":[{"href":"https:\/\/www.messinaoggi.it\/website\/wp-json\/wp\/v2\/media?parent=157835"}],"wp:term":[{"taxonomy":"category","embeddable":true,"href":"https:\/\/www.messinaoggi.it\/website\/wp-json\/wp\/v2\/categories?post=157835"},{"taxonomy":"post_tag","embeddable":true,"href":"https:\/\/www.messinaoggi.it\/website\/wp-json\/wp\/v2\/tags?post=157835"}],"curies":[{"name":"wp","href":"https:\/\/api.w.org\/{rel}","templated":true}]}}