{"id":157797,"date":"2023-06-01T20:07:55","date_gmt":"2023-06-01T18:07:55","guid":{"rendered":"https:\/\/www.messinaoggi.it\/website\/2023\/06\/01\/ucraina-mattarella-tentativi-di-dialogo-ma-la-pace-sia-giusta\/"},"modified":"2023-06-01T20:07:55","modified_gmt":"2023-06-01T18:07:55","slug":"ucraina-mattarella-tentativi-di-dialogo-ma-la-pace-sia-giusta","status":"publish","type":"post","link":"https:\/\/www.messinaoggi.it\/website\/2023\/06\/01\/ucraina-mattarella-tentativi-di-dialogo-ma-la-pace-sia-giusta\/","title":{"rendered":"Ucraina, Mattarella \u201cTentativi di dialogo, ma la pace sia giusta\u201d"},"content":{"rendered":"<div>ROMA (ITALPRESS) &#8211; &#8220;Assistiamo oggi con interesse e attenzione a tentativi di individuare sentieri di dialogo per giungere alla pace. I principi di solidariet\u00e0 e giustizia che debbono unire i popoli impongono la ricerca di una pace giusta e non di una pace raggiunta ai danni di chi \u00e8 stato aggredito&#8221;. Cos\u00ec il presidente della Repubblica, Sergio Mattarella, nel saluto di apertura al concerto in onore del Corpo Diplomatico accreditato presso lo Stato italiano, in occasione delle celebrazioni della festa del 2 giugno. &#8220;E&#8217; in questo spirito che l&#8217;Italia, nel quadro della sua convinta appartenenza all&#8217;Unione Europea e all&#8217;Alleanza Atlantica, continuer\u00e0 ad assicurare il proprio sostegno al popolo ucraino e al suo diritto all&#8217;indipendenza. Il conflitto che, da oltre quindici mesi, produce morte e devastazione nel cuore dell&#8217;Europa &#8211; prosegue &#8211; sta provocando anche gravissime conseguenza al livello globale, accentuando l&#8217;insicurezza alimentare e la povert\u00e0 in molti Paesi, anch&#8217;essi vittime delle conseguenze di questa guerra insensata, i cui effetti si vanno riverberando sull&#8217;ordine internazionale costruito pazientemente dopo il 1945&#8221;.<br \/>Il Capo dello Stato ricorda come la Costituzione repubblicana, &#8220;figlia del riscatto dalle tragiche esperienze della dittatura e del Secondo conflitto mondiale, indica il ripudio della guerra quale strumento di risoluzione delle controversie. Si tratta di un principio attualissimo e profondamente sentito, di cui l&#8217;inaccettabile aggressione della Federazione Russa all&#8217;Ucraina rappresenta la pi\u00f9 brutale ed evidente negazione&#8221;. Inoltre, Mattarella sottolinea come la ricerca della pace e del benessere fra le nazioni &#8220;richiede impegno e disponibilit\u00e0 a individuare insieme soluzioni comuni. E&#8217; questo il fondamento della nostra scelta a favore del multilateralismo. Soltanto una autentica collaborazione fra i popoli pu\u00f2 consentire di affrontare con successo problemi di natura globale di giorno in giorno pi\u00f9 pressanti: dai cambiamenti climatici alla tutela della salute, dalla gestione dei flussi migratori alla protezione dei diritti umani&#8221;, spiega.<br \/>Il Presidente, infine, ricorda gli ultimi tragici eventi che hanno colpito l&#8217;Emilia-Romagna: &#8220;negli ultimi giorni, ho ricevuto molteplici espressioni di vicinanza per le tragiche alluvioni che hanno colpito l&#8217;Emilia Romagna e le zone confinanti. Ne sono profondamente toccato. Numerosi Paesi hanno dimostrato concreta solidariet\u00e0 e desidero ringraziarli a nome della nostra comunit\u00e0. Ho adoperato, non a caso, la parola solidariet\u00e0: un valore iscritto anche tra i primi articoli della nostra Costituzione che, nel riconoscere e garantire i diritti inviolabili della persona, richiama il dovere di solidariet\u00e0 politica, economica e sociale. Un valore che riveste carattere universale, rivolto all&#8217;intera comunit\u00e0 umana, e che la nostra Carta fondativa ha fatto proprio&#8221;, conclude. <div id=\"div-gpt-ad-Messinaoggi.it-DSK-300x250-corpoart\" style=\"text-align:center;margin:0 auto;\"><\/div><\/p>\n<p>&#8211; foto ufficio stampa Quirinale &#8211;<br \/>(ITALPRESS).<\/div>\n<div id=\"videoincontent\" style=\"clear:both\";><\/div>","protected":false},"excerpt":{"rendered":"<p>ROMA (ITALPRESS) &#8211; &#8220;Assistiamo oggi con interesse e attenzione a tentativi di individuare sentieri di dialogo per giungere alla pace. I principi di solidariet\u00e0 e giustizia che debbono unire i popoli impongono la ricerca di una pace giusta e non di una pace raggiunta ai danni di chi \u00e8 stato aggredito&#8221;. Cos\u00ec il presidente della [&hellip;]<\/p>\n","protected":false},"author":18,"featured_media":157798,"comment_status":"closed","ping_status":"closed","sticky":false,"template":"","format":"standard","meta":{"ub_ctt_via":"","_mi_skip_tracking":false},"categories":[446],"tags":[783],"featured_image_src":"https:\/\/www.messinaoggi.it\/website\/wp-content\/uploads\/2023\/06\/20230601_2644.jpg","author_info":{"display_name":"Admin","author_link":"https:\/\/www.messinaoggi.it\/website\/author\/admin\/"},"digistream_id":0,"digistream":false,"_links":{"self":[{"href":"https:\/\/www.messinaoggi.it\/website\/wp-json\/wp\/v2\/posts\/157797"}],"collection":[{"href":"https:\/\/www.messinaoggi.it\/website\/wp-json\/wp\/v2\/posts"}],"about":[{"href":"https:\/\/www.messinaoggi.it\/website\/wp-json\/wp\/v2\/types\/post"}],"author":[{"embeddable":true,"href":"https:\/\/www.messinaoggi.it\/website\/wp-json\/wp\/v2\/users\/18"}],"replies":[{"embeddable":true,"href":"https:\/\/www.messinaoggi.it\/website\/wp-json\/wp\/v2\/comments?post=157797"}],"version-history":[{"count":0,"href":"https:\/\/www.messinaoggi.it\/website\/wp-json\/wp\/v2\/posts\/157797\/revisions"}],"wp:featuredmedia":[{"embeddable":true,"href":"https:\/\/www.messinaoggi.it\/website\/wp-json\/wp\/v2\/media\/157798"}],"wp:attachment":[{"href":"https:\/\/www.messinaoggi.it\/website\/wp-json\/wp\/v2\/media?parent=157797"}],"wp:term":[{"taxonomy":"category","embeddable":true,"href":"https:\/\/www.messinaoggi.it\/website\/wp-json\/wp\/v2\/categories?post=157797"},{"taxonomy":"post_tag","embeddable":true,"href":"https:\/\/www.messinaoggi.it\/website\/wp-json\/wp\/v2\/tags?post=157797"}],"curies":[{"name":"wp","href":"https:\/\/api.w.org\/{rel}","templated":true}]}}