{"id":157761,"date":"2023-06-01T18:07:57","date_gmt":"2023-06-01T16:07:57","guid":{"rendered":"https:\/\/www.messinaoggi.it\/website\/2023\/06\/01\/governo-corte-conti-un-tavolo-comune-per-innovare-il-rapporto\/"},"modified":"2023-06-01T18:07:57","modified_gmt":"2023-06-01T16:07:57","slug":"governo-corte-conti-un-tavolo-comune-per-innovare-il-rapporto","status":"publish","type":"post","link":"https:\/\/www.messinaoggi.it\/website\/2023\/06\/01\/governo-corte-conti-un-tavolo-comune-per-innovare-il-rapporto\/","title":{"rendered":"Governo-Corte Conti, un tavolo comune per innovare il rapporto"},"content":{"rendered":"<div>ROMA (ITALPRESS) &#8211; Si \u00e8 svolto a Palazzo Chigi un lungo e cordiale incontro tra i vertici della Corte dei Conti (rappresentata dal presidente Guido Carlino, dal presidente aggiunto Tommaso Miele, dal procuratore generale Angelo Canale e dal segretario generale Franco Massi), il ministro degli Affari Europei, Raffaele Fitto, il sottosegretario alla Presidenza del Consiglio, Alfredo Mantovano e il segretario generale di Palazzo Chigi, Carlo Deodato. <br \/>Nell&#8217;incontro sono stati affrontati i temi legati all&#8217;attuazione del Pnrr, all&#8217;utilizzo del Fondo complementare, all&#8217;attivit\u00e0 di controllo della Corte dei Conti. <br \/>&#8220;E&#8217; stata condivisa la necessit\u00e0 di una piena e leale collaborazione tra le istituzioni e ribadita la volont\u00e0 di rafforzare il confronto e il dialogo, con l&#8217;adozione, nel rispetto delle competenze, di un modello di relazione e scambio di informazioni pi\u00f9 intenso e puntuale&#8221;, si legge in una nota di Palazzo Chigi.<br \/>&#8220;Il Governo e la Corte dei Conti colgono l&#8217;occasione del Pnrr per innovare la collaborazione attraverso  l&#8217;istituzione di un comune tavolo di lavoro, nella prospettiva di una revisione dei seguenti istituti: 1. Disciplina della responsabilit\u00e0 erariale; 2. Meccanismo del controllo concomitante; 3. Adozione di un codice dei controlli. A tal fine, prendendo atto della contrariet\u00e0 della Corte, gi\u00e0 manifestata con gli esecutivi precedenti nel 2020 e nel 2021, sul cosiddetto &#8216;scudo erarial\u00e8, il Governo ribadisce la necessit\u00e0 della proroga fino al 30 giugno 2024, ma auspica e si impegna a un confronto con la Corte per l&#8217;elaborazione di una disciplina pi\u00f9 aggiornata e stabile &#8211; conclude la nota -. Il tavolo comune tra Governo e Corte dei Conti sar\u00e0 avviato gi\u00e0 dalla settimana prossima&#8221;.<div id=\"div-gpt-ad-Messinaoggi.it-DSK-300x250-corpoart\" style=\"text-align:center;margin:0 auto;\"><\/div><\/p>\n<p>&#8211; foto Agenziafotogramma.it &#8211;<div id=\"videoincontent\" style=\"clear:both\";><\/div><\/p>\n<p>(ITALPRESS).<\/p><\/div>\n","protected":false},"excerpt":{"rendered":"<p>ROMA (ITALPRESS) &#8211; Si \u00e8 svolto a Palazzo Chigi un lungo e cordiale incontro tra i vertici della Corte dei Conti (rappresentata dal presidente Guido Carlino, dal presidente aggiunto Tommaso Miele, dal procuratore generale Angelo Canale e dal segretario generale Franco Massi), il ministro degli Affari Europei, Raffaele Fitto, il sottosegretario alla Presidenza del Consiglio, [&hellip;]<\/p>\n","protected":false},"author":18,"featured_media":157762,"comment_status":"closed","ping_status":"closed","sticky":false,"template":"","format":"standard","meta":{"ub_ctt_via":"","_mi_skip_tracking":false},"categories":[446],"tags":[783],"featured_image_src":"https:\/\/www.messinaoggi.it\/website\/wp-content\/uploads\/2023\/06\/20230601_2402.jpg","author_info":{"display_name":"Admin","author_link":"https:\/\/www.messinaoggi.it\/website\/author\/admin\/"},"digistream_id":0,"digistream":false,"_links":{"self":[{"href":"https:\/\/www.messinaoggi.it\/website\/wp-json\/wp\/v2\/posts\/157761"}],"collection":[{"href":"https:\/\/www.messinaoggi.it\/website\/wp-json\/wp\/v2\/posts"}],"about":[{"href":"https:\/\/www.messinaoggi.it\/website\/wp-json\/wp\/v2\/types\/post"}],"author":[{"embeddable":true,"href":"https:\/\/www.messinaoggi.it\/website\/wp-json\/wp\/v2\/users\/18"}],"replies":[{"embeddable":true,"href":"https:\/\/www.messinaoggi.it\/website\/wp-json\/wp\/v2\/comments?post=157761"}],"version-history":[{"count":0,"href":"https:\/\/www.messinaoggi.it\/website\/wp-json\/wp\/v2\/posts\/157761\/revisions"}],"wp:featuredmedia":[{"embeddable":true,"href":"https:\/\/www.messinaoggi.it\/website\/wp-json\/wp\/v2\/media\/157762"}],"wp:attachment":[{"href":"https:\/\/www.messinaoggi.it\/website\/wp-json\/wp\/v2\/media?parent=157761"}],"wp:term":[{"taxonomy":"category","embeddable":true,"href":"https:\/\/www.messinaoggi.it\/website\/wp-json\/wp\/v2\/categories?post=157761"},{"taxonomy":"post_tag","embeddable":true,"href":"https:\/\/www.messinaoggi.it\/website\/wp-json\/wp\/v2\/tags?post=157761"}],"curies":[{"name":"wp","href":"https:\/\/api.w.org\/{rel}","templated":true}]}}