{"id":15776,"date":"2018-02-17T07:45:29","date_gmt":"2018-02-17T06:45:29","guid":{"rendered":"http:\/\/www.messinaoggi.it\/website\/?p=15776"},"modified":"2018-02-17T07:45:29","modified_gmt":"2018-02-17T06:45:29","slug":"tranvia-urbana-limitazioni-sul-viale-della-liberta","status":"publish","type":"post","link":"https:\/\/www.messinaoggi.it\/website\/2018\/02\/17\/tranvia-urbana-limitazioni-sul-viale-della-liberta\/","title":{"rendered":"Tranvia urbana, limitazioni sul viale della Libert\u00e0"},"content":{"rendered":"<p>Nell\u2019ambito dei lavori di costruzione di una tranvia urbana dal torrente Gazzi al torrente Annunziata nel Comune di Messina \u2013 progetto esecutivo di completamento, il dipartimento Mobilit\u00e0 urbana e Viabilit\u00e0 ha disposto alcune limitazioni viarie.<br \/>\nLuned\u00ec 19 e marted\u00ec 20, sul viale della Libert\u00e0, viger\u00e0 il divieto di transito veicolare nella corsia adiacente la sede tranviaria, nel tratto compreso tra 50 metri a sud dell\u2019attraversamento pedonale antistante la Fiera e 20 metri a nord dello stesso attraversamento, che sar\u00e0 interdetto sia lato monte che lato mare.<br \/>\nSar\u00e0 inoltre istituito il limite massimo di velocit\u00e0 di 20 km\/h in entrambe le direzioni di marcia del viale della Libert\u00e0, per un tratto di 100 metri sia a nord che a sud dell\u2019area interessata dai lavori.<div id=\"div-gpt-ad-Messinaoggi.it-DSK-300x250-corpoart\" style=\"text-align:center;margin:0 auto;\"><\/div><\/p>\n<div id=\"videoincontent\" style=\"clear:both\";><\/div>","protected":false},"excerpt":{"rendered":"<p>Nell\u2019ambito dei lavori di costruzione di una tranvia urbana dal torrente Gazzi al torrente Annunziata nel Comune di Messina \u2013 progetto esecutivo di completamento, il dipartimento Mobilit\u00e0 urbana e Viabilit\u00e0 ha disposto alcune limitazioni viarie. Luned\u00ec 19 e marted\u00ec 20, sul viale della Libert\u00e0, viger\u00e0 il divieto di transito veicolare nella corsia adiacente la sede [&hellip;]<\/p>\n","protected":false},"author":2,"featured_media":2911,"comment_status":"closed","ping_status":"open","sticky":false,"template":"","format":"standard","meta":{"ub_ctt_via":"","_mi_skip_tracking":false},"categories":[5],"tags":[],"featured_image_src":"https:\/\/www.messinaoggi.it\/website\/wp-content\/uploads\/2017\/06\/tram-viale-della-liberta-messinaoggi-2.jpg","author_info":{"display_name":"Redazione","author_link":"https:\/\/www.messinaoggi.it\/website\/author\/redazione\/"},"digistream_id":0,"digistream":false,"_links":{"self":[{"href":"https:\/\/www.messinaoggi.it\/website\/wp-json\/wp\/v2\/posts\/15776"}],"collection":[{"href":"https:\/\/www.messinaoggi.it\/website\/wp-json\/wp\/v2\/posts"}],"about":[{"href":"https:\/\/www.messinaoggi.it\/website\/wp-json\/wp\/v2\/types\/post"}],"author":[{"embeddable":true,"href":"https:\/\/www.messinaoggi.it\/website\/wp-json\/wp\/v2\/users\/2"}],"replies":[{"embeddable":true,"href":"https:\/\/www.messinaoggi.it\/website\/wp-json\/wp\/v2\/comments?post=15776"}],"version-history":[{"count":0,"href":"https:\/\/www.messinaoggi.it\/website\/wp-json\/wp\/v2\/posts\/15776\/revisions"}],"wp:featuredmedia":[{"embeddable":true,"href":"https:\/\/www.messinaoggi.it\/website\/wp-json\/wp\/v2\/media\/2911"}],"wp:attachment":[{"href":"https:\/\/www.messinaoggi.it\/website\/wp-json\/wp\/v2\/media?parent=15776"}],"wp:term":[{"taxonomy":"category","embeddable":true,"href":"https:\/\/www.messinaoggi.it\/website\/wp-json\/wp\/v2\/categories?post=15776"},{"taxonomy":"post_tag","embeddable":true,"href":"https:\/\/www.messinaoggi.it\/website\/wp-json\/wp\/v2\/tags?post=15776"}],"curies":[{"name":"wp","href":"https:\/\/api.w.org\/{rel}","templated":true}]}}