{"id":157720,"date":"2023-06-01T14:07:52","date_gmt":"2023-06-01T12:07:52","guid":{"rendered":"https:\/\/www.messinaoggi.it\/website\/2023\/06\/01\/meloni-italia-in-prima-fila-per-sostegno-ucraina-e-percorso-di-pace\/"},"modified":"2023-06-01T14:07:52","modified_gmt":"2023-06-01T12:07:52","slug":"meloni-italia-in-prima-fila-per-sostegno-ucraina-e-percorso-di-pace","status":"publish","type":"post","link":"https:\/\/www.messinaoggi.it\/website\/2023\/06\/01\/meloni-italia-in-prima-fila-per-sostegno-ucraina-e-percorso-di-pace\/","title":{"rendered":"Meloni \u201cItalia in prima fila per sostegno Ucraina e percorso di pace\u201d"},"content":{"rendered":"<div>ROMA (ITALPRESS) &#8211; &#8220;L&#8217;Ucraina difende quel valore di libert\u00e0&#8221; e &#8220;Italia \u00e8 in prima fila nel sostegno&#8221; a questo paese. Lo ha detto la premier Giorgia Meloni in un punto stampa a margine del vertice della Comunit\u00e0 politica europea, a Chisinau in Moldova. Ci confronteremo con &#8220;i nostri alleati, valutando insieme cosa si debba fare sia per aiutare gli ucraini a difendersi, sia per favorire un percorso che ci porti a terminare il conflitto, che per\u00f2 non pu\u00f2 passare sulla testa del popolo ucraino&#8221;. Per poi aggiungere &#8220;Stiamo aiutando l&#8217;Ucraina a 360 gradi e lo faremo finch\u00e8 sar\u00e0 necessario&#8221; ha aggiunto. &#8220;Stiamo aiutando l&#8217;Ucraina a 360 gradi e lo faremo finch\u00e8 sar\u00e0 necessario&#8221;. &#8220;L&#8217;Ucraina difende anche la nostra sicurezza&#8221;, ha ricordato il presidente del Consiglio, sottineando, quindi, come &#8220;La Moldova ha un ruolo importante in questi &#8220;tempi difficili&#8221; ed &#8220;\u00e8 un&#8217;altra nazione a rischio aggressione, senza quello che stanno facendo gli ucraini&#8221;.<div id=\"div-gpt-ad-Messinaoggi.it-DSK-300x250-corpoart\" style=\"text-align:center;margin:0 auto;\"><\/div><\/p>\n<p>Foto: agenziafotogramma.i<div id=\"videoincontent\" style=\"clear:both\";><\/div><\/p>\n<p>(ITALPRESS).<\/p><\/div>\n","protected":false},"excerpt":{"rendered":"<p>ROMA (ITALPRESS) &#8211; &#8220;L&#8217;Ucraina difende quel valore di libert\u00e0&#8221; e &#8220;Italia \u00e8 in prima fila nel sostegno&#8221; a questo paese. Lo ha detto la premier Giorgia Meloni in un punto stampa a margine del vertice della Comunit\u00e0 politica europea, a Chisinau in Moldova. Ci confronteremo con &#8220;i nostri alleati, valutando insieme cosa si debba fare [&hellip;]<\/p>\n","protected":false},"author":18,"featured_media":157721,"comment_status":"closed","ping_status":"closed","sticky":false,"template":"","format":"standard","meta":{"ub_ctt_via":"","_mi_skip_tracking":false},"categories":[446],"tags":[783],"featured_image_src":"https:\/\/www.messinaoggi.it\/website\/wp-content\/uploads\/2023\/06\/20230601_0665.jpg","author_info":{"display_name":"Admin","author_link":"https:\/\/www.messinaoggi.it\/website\/author\/admin\/"},"digistream_id":0,"digistream":false,"_links":{"self":[{"href":"https:\/\/www.messinaoggi.it\/website\/wp-json\/wp\/v2\/posts\/157720"}],"collection":[{"href":"https:\/\/www.messinaoggi.it\/website\/wp-json\/wp\/v2\/posts"}],"about":[{"href":"https:\/\/www.messinaoggi.it\/website\/wp-json\/wp\/v2\/types\/post"}],"author":[{"embeddable":true,"href":"https:\/\/www.messinaoggi.it\/website\/wp-json\/wp\/v2\/users\/18"}],"replies":[{"embeddable":true,"href":"https:\/\/www.messinaoggi.it\/website\/wp-json\/wp\/v2\/comments?post=157720"}],"version-history":[{"count":0,"href":"https:\/\/www.messinaoggi.it\/website\/wp-json\/wp\/v2\/posts\/157720\/revisions"}],"wp:featuredmedia":[{"embeddable":true,"href":"https:\/\/www.messinaoggi.it\/website\/wp-json\/wp\/v2\/media\/157721"}],"wp:attachment":[{"href":"https:\/\/www.messinaoggi.it\/website\/wp-json\/wp\/v2\/media?parent=157720"}],"wp:term":[{"taxonomy":"category","embeddable":true,"href":"https:\/\/www.messinaoggi.it\/website\/wp-json\/wp\/v2\/categories?post=157720"},{"taxonomy":"post_tag","embeddable":true,"href":"https:\/\/www.messinaoggi.it\/website\/wp-json\/wp\/v2\/tags?post=157720"}],"curies":[{"name":"wp","href":"https:\/\/api.w.org\/{rel}","templated":true}]}}