{"id":157688,"date":"2023-06-01T10:07:53","date_gmt":"2023-06-01T08:07:53","guid":{"rendered":"https:\/\/www.messinaoggi.it\/website\/2023\/06\/01\/pnrr-mattarella-rete-tra-istituzioni-per-uso-efficace-delle-risorse\/"},"modified":"2023-06-01T10:07:53","modified_gmt":"2023-06-01T08:07:53","slug":"pnrr-mattarella-rete-tra-istituzioni-per-uso-efficace-delle-risorse","status":"publish","type":"post","link":"https:\/\/www.messinaoggi.it\/website\/2023\/06\/01\/pnrr-mattarella-rete-tra-istituzioni-per-uso-efficace-delle-risorse\/","title":{"rendered":"Pnrr, Mattarella \u201cRete tra istituzioni per uso efficace delle risorse\u201d"},"content":{"rendered":"<div>ROMA (ITALPRESS) &#8211; &#8220;Il dotarsi di una visione condivisa, essere capaci di un lavoro ben coordinato&#8221; sono indispensabili, &#8220;cos\u00ec come la disponibilit\u00e0 a operare concordemente per un efficace utilizzo delle risorse disponibili, a partire da quelle messe a disposizione dal Piano Nazionale di Ripresa e Resilienza in una logica di orizzonte ampio&#8221;. Lo sottolinea il presidente della Repubblica, Sergio Mattarella, che in occasione della ricorrenza della Festa della Repubblica, ha inviato un messaggio ai Prefetti d&#8217;Italia affinch\u00e8 se ne facciano interpreti nelle iniziative promosse a livello locale nella ricorrenza del 2 giugno.<br \/>&#8220;Cari Prefetti &#8211; scrive il capo dello Stato -, rivolgo il mio saluto a quanti, ricoprendo pubbliche responsabilit\u00e0, espressioni della societ\u00e0 civile, cittadini, celebrano oggi la Festa della Repubblica, nel settantasettesimo anniversario della scelta operata dal popolo italiano all&#8217;insegna del rinnovamento della democrazia. Ricorrono anche 75 anni dall&#8217;entrata in vigore della Costituzione, riferimento sicuro, Carta fondamentale che garantisce la libert\u00e0 e definisce diritti e doveri nella nostra comunit\u00e0&#8221;.<br \/>&#8220;Desidero esprimere la riconoscenza della Repubblica per il prezioso contributo che offrite, nei diversi contesti territoriali, alla concreta attuazione dei valori costituzionali di libert\u00e0, eguaglianza e solidariet\u00e0 &#8211; spiega Mattarella -.  Ancora nelle scorse settimane, con instancabile impegno, in occasione dell&#8217;emergenza alluvionale che ha colpito cos\u00ec duramente l&#8217;Emilia-Romagna e territori della Toscana e delle Marche, i Prefetti, insieme agli enti regionali e provinciali, ai Sindaci, alle Forze di polizia, ai Vigili del Fuoco, agli enti di soccorso, al mondo del volontariato, al fianco dei territori feriti dagli eventi, hanno dato testimonianza della vicinanza solidale e operosa delle istituzioni ai bisogni e al dolore delle persone e delle comunit\u00e0&#8221;. Per il presidente &#8220;\u00e8 il fare rete tra Stato, autonomie locali, istituzioni e componenti della societ\u00e0 civile che consente di affrontare e superare le sfide e le crisi. Con uno sguardo che sappia, sempre, guardare oltre l&#8217;emergenza per dare risposte efficaci e durevoli ai cittadini. Il dotarsi di una visione condivisa, essere capaci di un lavoro ben coordinato, sono ingredienti indispensabili a questo fine, cos\u00ec come la disponibilit\u00e0 a operare concordemente per un efficace utilizzo delle risorse disponibili, a partire da quelle messe a disposizione dal Piano Nazionale di Ripresa e Resilienza in una logica di orizzonte ampio&#8221;.<br \/>&#8220;La vicinanza alle fasce pi\u00f9 fragili della popolazione, alle situazioni di marginalit\u00e0 &#8211; per migliorare, a partire dai contesti pi\u00f9 difficili, la qualit\u00e0 della vita nei territori &#8211;  con un&#8217;attenzione particolare ai fenomeni di degrado e alle situazioni di disagio sociale, soprattutto dei giovani e degli anziani, \u00e8 tema che interpella le Prefetture, con effetti positivi sulla coesione sociale e la sicurezza delle comunit\u00e0 &#8211; aggiunge Mattarella -. La mediazione sociale, l&#8217;ascolto e il dialogo con tutti gli attori sono preziosi per affrontare la questione del lavoro oggi, per l&#8217;affermazione della legalit\u00e0, nel contrasto a ogni forma di sfruttamento, assicurando ogni sforzo per elevare la sicurezza delle condizioni lavorative. <br \/>Promuovere la realizzazione in concreto dei principi di buon andamento e di imparzialit\u00e0, favorendo la cooperazione burocratica e il funzionamento degli apparati pubblici, \u00e8 compito di impulso che appartiene di buon diritto alle Prefetture, Uffici Territoriali del Governo.  Nel rinnovare i sentimenti di gratitudine della Repubblica per l&#8217;opera prestata, giungano ai Prefetti e, loro tramite, a quanti si adoperano a servizio del bene comune, auguri di buon lavoro&#8221;, conclude il presidente della Repubblica.<div id=\"div-gpt-ad-Messinaoggi.it-DSK-300x250-corpoart\" style=\"text-align:center;margin:0 auto;\"><\/div><\/p>\n<p>&#8211; foto ufficio stampa Quirinale &#8211;<div id=\"videoincontent\" style=\"clear:both\";><\/div><\/p>\n<p>(ITALPRESS).<\/p><\/div>\n","protected":false},"excerpt":{"rendered":"<p>ROMA (ITALPRESS) &#8211; &#8220;Il dotarsi di una visione condivisa, essere capaci di un lavoro ben coordinato&#8221; sono indispensabili, &#8220;cos\u00ec come la disponibilit\u00e0 a operare concordemente per un efficace utilizzo delle risorse disponibili, a partire da quelle messe a disposizione dal Piano Nazionale di Ripresa e Resilienza in una logica di orizzonte ampio&#8221;. Lo sottolinea il [&hellip;]<\/p>\n","protected":false},"author":18,"featured_media":0,"comment_status":"closed","ping_status":"closed","sticky":false,"template":"","format":"standard","meta":{"ub_ctt_via":"","_mi_skip_tracking":false},"categories":[446],"tags":[783],"featured_image_src":null,"author_info":{"display_name":"Admin","author_link":"https:\/\/www.messinaoggi.it\/website\/author\/admin\/"},"digistream_id":0,"digistream":false,"_links":{"self":[{"href":"https:\/\/www.messinaoggi.it\/website\/wp-json\/wp\/v2\/posts\/157688"}],"collection":[{"href":"https:\/\/www.messinaoggi.it\/website\/wp-json\/wp\/v2\/posts"}],"about":[{"href":"https:\/\/www.messinaoggi.it\/website\/wp-json\/wp\/v2\/types\/post"}],"author":[{"embeddable":true,"href":"https:\/\/www.messinaoggi.it\/website\/wp-json\/wp\/v2\/users\/18"}],"replies":[{"embeddable":true,"href":"https:\/\/www.messinaoggi.it\/website\/wp-json\/wp\/v2\/comments?post=157688"}],"version-history":[{"count":0,"href":"https:\/\/www.messinaoggi.it\/website\/wp-json\/wp\/v2\/posts\/157688\/revisions"}],"wp:attachment":[{"href":"https:\/\/www.messinaoggi.it\/website\/wp-json\/wp\/v2\/media?parent=157688"}],"wp:term":[{"taxonomy":"category","embeddable":true,"href":"https:\/\/www.messinaoggi.it\/website\/wp-json\/wp\/v2\/categories?post=157688"},{"taxonomy":"post_tag","embeddable":true,"href":"https:\/\/www.messinaoggi.it\/website\/wp-json\/wp\/v2\/tags?post=157688"}],"curies":[{"name":"wp","href":"https:\/\/api.w.org\/{rel}","templated":true}]}}