{"id":157684,"date":"2023-06-01T09:07:56","date_gmt":"2023-06-01T07:07:56","guid":{"rendered":"https:\/\/www.messinaoggi.it\/website\/2023\/06\/01\/salvini-il-ponte-si-fara-sulla-tav-la-francia-fara-la-sua-parte\/"},"modified":"2023-06-01T09:07:56","modified_gmt":"2023-06-01T07:07:56","slug":"salvini-il-ponte-si-fara-sulla-tav-la-francia-fara-la-sua-parte","status":"publish","type":"post","link":"https:\/\/www.messinaoggi.it\/website\/2023\/06\/01\/salvini-il-ponte-si-fara-sulla-tav-la-francia-fara-la-sua-parte\/","title":{"rendered":"Salvini \u201cIl Ponte si far\u00e0, sulla Tav la Francia far\u00e0 la sua parte\u201d"},"content":{"rendered":"<div>ROMA (ITALPRESS) &#8211; Il Ponte sullo Stretto si far\u00e0. Lo scandisce il vicepremier e ministro delle Infrastrutture e dei Trasporti, Matteo Salvini, in due interviste con media stranieri e pubblicate oggi, sul francese Le Figaro e sullo spagnolo El Pais nel giorno in cui il titolare del Mit vola in Lussemburgo per il Consiglio dei Trasporti dell&#8217;Unione europea.<br \/>Su Le Figaro, Salvini chiarisce che sull&#8217;Alta Velocit\u00e0 Torino Lione &#8220;la Francia deve fare la sua parte&#8221;. A proposito del collegamento stabile tra Calabria e Sicilia, il vicepremier sottolinea che &#8220;permetter\u00e0 di collegare Palermo e Berlino&#8221;, dando concretezza a un progetto di cui si parla da decenni col via ai lavori &#8220;nell&#8217;estate 2024 per entrare in funzione nel 2032&#8221; riuscendo a creare &#8220;lavoro e ricchezza senza precedenti&#8221; per il Sud.<br \/>A proposito di fondi europei, Salvini sottolinea che il proprio ministero &#8220;non intende rinunciare a un solo euro&#8221;.<br \/>Su El Pais, Salvini conferma la soddisfazione per il risultato di Popolari e Vox alle recenti elezioni amministrative, auspicando che in vista delle Europee 2024 &#8220;gli elettori diano numeri importanti all&#8217;asse dei Popolari, dei Conservatori e degli Identitari&#8221;, evidenziando che la mancata fusione dei gruppi di centrodestra a Bruxelles \u00e8 stata impossibile per &#8220;alcune delegazioni estere&#8221;. Un errore, secondo Salvini, perch\u00e8 &#8220;una grande famiglia di destra avrebbe pi\u00f9 peso&#8221; a Bruxelles.<br \/>E ancora: &#8220;Il Ppe deve decidere da che parte stare&#8221; perch\u00e8 in Italia &#8211; ribadisce il Vicepremier &#8211; &#8220;come coalizione votiamo contro il divieto di maternit\u00e0 surrogata e dell&#8217;utero in affitto ma a Bruxelles hanno una visione diversa. Spero che il PPE decida una volta per tutte da che parte stare. E il voto spagnolo per questo sar\u00e0 molto importante&#8221;. Dalla Spagna al Portogallo: &#8220;La prossima settimana incontrer\u00f2 Andr\u00e8 Ventura, di Chega&#8221;, spiega Salvini, anticipando la visita romana del leader portoghese.<br \/>A proposito di Ponte sullo Stretto, anche alla stampa spagnola Salvini segnala che sarebbe &#8220;un vantaggio competitivo per tutta Italia&#8221;.<div id=\"div-gpt-ad-Messinaoggi.it-DSK-300x250-corpoart\" style=\"text-align:center;margin:0 auto;\"><\/div><\/p>\n<p>&#8211; foto Agenziafotogramma.it &#8211;<div id=\"videoincontent\" style=\"clear:both\";><\/div><\/p>\n<p>(ITALPRESS).<\/p><\/div>\n","protected":false},"excerpt":{"rendered":"<p>ROMA (ITALPRESS) &#8211; Il Ponte sullo Stretto si far\u00e0. Lo scandisce il vicepremier e ministro delle Infrastrutture e dei Trasporti, Matteo Salvini, in due interviste con media stranieri e pubblicate oggi, sul francese Le Figaro e sullo spagnolo El Pais nel giorno in cui il titolare del Mit vola in Lussemburgo per il Consiglio dei [&hellip;]<\/p>\n","protected":false},"author":18,"featured_media":157685,"comment_status":"closed","ping_status":"closed","sticky":false,"template":"","format":"standard","meta":{"ub_ctt_via":"","_mi_skip_tracking":false},"categories":[446],"tags":[783],"featured_image_src":"https:\/\/www.messinaoggi.it\/website\/wp-content\/uploads\/2023\/06\/20230601_0114.jpg","author_info":{"display_name":"Admin","author_link":"https:\/\/www.messinaoggi.it\/website\/author\/admin\/"},"digistream_id":0,"digistream":false,"_links":{"self":[{"href":"https:\/\/www.messinaoggi.it\/website\/wp-json\/wp\/v2\/posts\/157684"}],"collection":[{"href":"https:\/\/www.messinaoggi.it\/website\/wp-json\/wp\/v2\/posts"}],"about":[{"href":"https:\/\/www.messinaoggi.it\/website\/wp-json\/wp\/v2\/types\/post"}],"author":[{"embeddable":true,"href":"https:\/\/www.messinaoggi.it\/website\/wp-json\/wp\/v2\/users\/18"}],"replies":[{"embeddable":true,"href":"https:\/\/www.messinaoggi.it\/website\/wp-json\/wp\/v2\/comments?post=157684"}],"version-history":[{"count":0,"href":"https:\/\/www.messinaoggi.it\/website\/wp-json\/wp\/v2\/posts\/157684\/revisions"}],"wp:featuredmedia":[{"embeddable":true,"href":"https:\/\/www.messinaoggi.it\/website\/wp-json\/wp\/v2\/media\/157685"}],"wp:attachment":[{"href":"https:\/\/www.messinaoggi.it\/website\/wp-json\/wp\/v2\/media?parent=157684"}],"wp:term":[{"taxonomy":"category","embeddable":true,"href":"https:\/\/www.messinaoggi.it\/website\/wp-json\/wp\/v2\/categories?post=157684"},{"taxonomy":"post_tag","embeddable":true,"href":"https:\/\/www.messinaoggi.it\/website\/wp-json\/wp\/v2\/tags?post=157684"}],"curies":[{"name":"wp","href":"https:\/\/api.w.org\/{rel}","templated":true}]}}