{"id":157664,"date":"2023-05-31T19:07:58","date_gmt":"2023-05-31T17:07:58","guid":{"rendered":"https:\/\/www.messinaoggi.it\/website\/2023\/05\/31\/mantovano-mai-autorizzato-intercettazioni-a-politici-o-giornalisti\/"},"modified":"2023-05-31T19:07:58","modified_gmt":"2023-05-31T17:07:58","slug":"mantovano-mai-autorizzato-intercettazioni-a-politici-o-giornalisti","status":"publish","type":"post","link":"https:\/\/www.messinaoggi.it\/website\/2023\/05\/31\/mantovano-mai-autorizzato-intercettazioni-a-politici-o-giornalisti\/","title":{"rendered":"Mantovano \u201cMai autorizzato intercettazioni a politici o giornalisti\u201d"},"content":{"rendered":"<div>ROMA (ITALPRESS) &#8211; &#8220;Dal momento dell&#8217;insediamento di questo Governo non ho mai autorizzato, quale Autorit\u00e0 delegata per la sicurezza della Repubblica, alcuna forma di intercettazione a carico di esponenti politici o di giornalisti&#8221;. Lo afferma in una nota il sottosegretario alla Presidenza del Consiglio, Alfredo Mantovano.<br \/>&#8220;L&#8217;attenzione del Governo a evitare qualsiasi improprio uso di tale strumento \u00e8 dimostrata dal fatto che esso ha proposto e fatto inserire nella legge di bilancio 2023 una norma (art. 1, comma 684, L. 29 dicembre 2022 n. 197) &#8211; aggiunge -, che tutela con maggior efficacia: 1. la segretezza delle informazioni acquisite nel corso delle attivit\u00e0; 2. la coerenza delle attivit\u00e0 svolte con i fini istituzionali delle Agenzie. In particolare, a seguito di tale mutamento normativo: \u00e8 divenuta autonoma la disciplina delle intercettazioni preventive dei Servizi rispetto alle intercettazioni preventive di polizia (ex art. 226 norm. att. C.p.p.); risulta ampliato il potere di verifica da parte dell&#8217;autorit\u00e0 giudiziaria, cio\u00e8 del procuratore generale della corte di appello di Roma, sulle operazioni svolte, dato che le Agenzie sono tenute a consegnare non pi\u00f9 soltanto il &#8220;verbale sintetico&#8221; e i &#8220;supporti mobili&#8221; utilizzati, ma anche i &#8220;contenuti intercettati&#8221;; sono stati ampliati gli obblighi di distruzione del materiale depositato, che riguarda tutta la documentazione consegnata al procuratore generale; si \u00e8 resa pi\u00f9 specifica la disciplina sul tracciamento delle comunicazioni telefoniche e telematiche e sull&#8217;acquisizione dei &#8220;dati esterni&#8221; (es. dati anagrafici, tabulati, ecc.), con un termine massimo &#8211; assente nella precedente disciplina &#8211; per la distruzione dei dati acquisiti nel corso dell&#8217;attivit\u00e0 e per la consegna del verbale delle operazioni al procuratore generale&#8221;.<br \/>&#8220;In base alla legge n. 124\/2007, l&#8217;Autorit\u00e0 delegata \u00e8 obbligata a effettuare un vaglio preventivo sulle richieste di intercettazioni, finalizzandole alla difesa dell&#8217;indipendenza, dell&#8217;integrit\u00e0, della sovranit\u00e0 della Repubblica e delle istituzioni democratiche, per mettere al riparo da ogni minaccia, attivit\u00e0 eversiva e forma di aggressione criminale e terroristica, attivit\u00e0 di spionaggio e di proliferazione concernenti materiali strategici &#8211; prosegue Mantovano -. A seguito del rilascio della delega da parte dell&#8217;autorit\u00e0 politica, i direttori delle Agenzie formulano la richiesta di autorizzazione delle intercettazioni al Procuratore generale. <br \/>Nei 7 mesi di attivit\u00e0 del Governo, il rilascio della delega \u00e8 stato improntato a un&#8217;analisi puntuale e rigorosa dei requisiti e delle condizioni previste dalla legge, sia per la stretta attinenza delle motivazioni alle finalit\u00e0 di ricerca informativa, sia per l&#8217;individuazione dei soggetti nei confronti dei quali si indirizzavano le attivit\u00e0 di intercettazione. Poich\u00e8 il senatore Matteo Renzi evoca uno scenario che, se vero, sarebbe gravissimo, l&#8217;autorit\u00e0 giudiziaria valuter\u00e0 ogni eventuale accertamento, a garanzia delle istituzioni e dell&#8217;ordinamento democratico. Per quanto di mia competenza, ho gi\u00e0 comunicato al presidente del Copasir senatore Lorenzo Guerini la disponibilit\u00e0 a fornire ogni utile informazione, qualora ne ravvisi l&#8217;opportunit\u00e0&#8221;.<div id=\"div-gpt-ad-Messinaoggi.it-DSK-300x250-corpoart\" style=\"text-align:center;margin:0 auto;\"><\/div><\/p>\n<p>&#8211; foto Agenziafotogramma.it &#8211;<div id=\"videoincontent\" style=\"clear:both\";><\/div><\/p>\n<p>(ITALPRESS).<\/p><\/div>\n","protected":false},"excerpt":{"rendered":"<p>ROMA (ITALPRESS) &#8211; &#8220;Dal momento dell&#8217;insediamento di questo Governo non ho mai autorizzato, quale Autorit\u00e0 delegata per la sicurezza della Repubblica, alcuna forma di intercettazione a carico di esponenti politici o di giornalisti&#8221;. Lo afferma in una nota il sottosegretario alla Presidenza del Consiglio, Alfredo Mantovano.&#8220;L&#8217;attenzione del Governo a evitare qualsiasi improprio uso di tale [&hellip;]<\/p>\n","protected":false},"author":18,"featured_media":157665,"comment_status":"closed","ping_status":"closed","sticky":false,"template":"","format":"standard","meta":{"ub_ctt_via":"","_mi_skip_tracking":false},"categories":[446],"tags":[783],"featured_image_src":"https:\/\/www.messinaoggi.it\/website\/wp-content\/uploads\/2023\/05\/20230531_1917.jpg","author_info":{"display_name":"Admin","author_link":"https:\/\/www.messinaoggi.it\/website\/author\/admin\/"},"digistream_id":0,"digistream":false,"_links":{"self":[{"href":"https:\/\/www.messinaoggi.it\/website\/wp-json\/wp\/v2\/posts\/157664"}],"collection":[{"href":"https:\/\/www.messinaoggi.it\/website\/wp-json\/wp\/v2\/posts"}],"about":[{"href":"https:\/\/www.messinaoggi.it\/website\/wp-json\/wp\/v2\/types\/post"}],"author":[{"embeddable":true,"href":"https:\/\/www.messinaoggi.it\/website\/wp-json\/wp\/v2\/users\/18"}],"replies":[{"embeddable":true,"href":"https:\/\/www.messinaoggi.it\/website\/wp-json\/wp\/v2\/comments?post=157664"}],"version-history":[{"count":0,"href":"https:\/\/www.messinaoggi.it\/website\/wp-json\/wp\/v2\/posts\/157664\/revisions"}],"wp:featuredmedia":[{"embeddable":true,"href":"https:\/\/www.messinaoggi.it\/website\/wp-json\/wp\/v2\/media\/157665"}],"wp:attachment":[{"href":"https:\/\/www.messinaoggi.it\/website\/wp-json\/wp\/v2\/media?parent=157664"}],"wp:term":[{"taxonomy":"category","embeddable":true,"href":"https:\/\/www.messinaoggi.it\/website\/wp-json\/wp\/v2\/categories?post=157664"},{"taxonomy":"post_tag","embeddable":true,"href":"https:\/\/www.messinaoggi.it\/website\/wp-json\/wp\/v2\/tags?post=157664"}],"curies":[{"name":"wp","href":"https:\/\/api.w.org\/{rel}","templated":true}]}}