{"id":157635,"date":"2023-05-31T17:07:58","date_gmt":"2023-05-31T15:07:58","guid":{"rendered":"https:\/\/www.messinaoggi.it\/website\/2023\/05\/31\/abodi-celebra-i-campioni-della-ginnastica-azzurra\/"},"modified":"2023-05-31T17:07:58","modified_gmt":"2023-05-31T15:07:58","slug":"abodi-celebra-i-campioni-della-ginnastica-azzurra","status":"publish","type":"post","link":"https:\/\/www.messinaoggi.it\/website\/2023\/05\/31\/abodi-celebra-i-campioni-della-ginnastica-azzurra\/","title":{"rendered":"Abodi celebra i campioni della ginnastica azzurra"},"content":{"rendered":"<div>ROMA (ITALPRESS) &#8211; Una mattinata per celebrare i risultati raggiunti e riflettere sul futuro. La Federginnastica \u00e8 stata ricevuta dal ministro per lo Sport e i giovani, Andrea Abodi, nella sala polifunzionale di Palazzo Chigi dove sono state celebrati gli atleti della nazionale che stanno rendendo magico il momento della ritmica e dell&#8217;artistica grazie ai risultati conseguiti alle ultime manifestazioni fra Europei, senior e junior, e Mondiali giovanili. Un momento per festeggiare la Federazione pi\u00f9 antica d&#8217;Italia ricordando come sia &#8220;importante celebrare il vostro impegno sano e pulito, cos\u00ec come i sacrifici delle vostre famiglie. Le medaglie sono importanti e rappresentano un momento di orgoglio nazionale ma ci\u00f2 che conta \u00e8 allenare la persona alla vita. Una volta vinta una medaglia gi\u00e0 si pensa al prossimo appuntamento e lo sport per fortuna offre sempre altre occasioni. La maglia azzurra ha significati morali, culturali ed etici, valori che la Fgi sono convinto che sa trasmettere agli atleti&#8221;, le parole di Abodi. Da parte del ministro, poi, anche un regalo a ognuno degli atleti ricevuti: una copia della Costituzione italiana, la stessa che tra qualche mese vedr\u00e0 modificato l&#8217;articolo 33 per ospitare in modo pi\u00f9 semplice ed esplicativo quello che \u00e8 il ruolo dello sport, sempre &#8220;al centro dell&#8217;agenda sociale della nostra nazione&#8221;, ha ricordato Abodi. Presente anche il presidente del Coni Giovanni Malag\u00f2 che ha ricordato come &#8220;si parla molto della ginnastica italiana che ha una lunga tradizione di donne e di uomini capaci di scrivere la storia dello sport italiano&#8221;, esaltando il lavoro portato avanti da atleti e tecnici capaci di far vivere alla ginnastica, dal punto di vista sportivo, un momento d&#8217;oro. &#8220;Noi non avevamo mai vinto tante medaglie come in questo periodo, prima ci servivano 50 anni per farlo. Abbiamo avuto la capacit\u00e0 di ricreare un mondo. La gente si iscrive alla Federazione ginnastica, ha piacere di fare attivit\u00e0 perch\u00e8 sanno che a livello giovanile serve anche per altri sport e noi siamo orgogliosi di questo&#8221;, le parole a margine di Gherardo Tecchi, presidente della FGI, che ha colto l&#8217;occasione anche per sottolineare la ripartenza del mondo delle ginnastica dopo le denunce di alcune atlete sui presunti abusi al vaglio della magistratura ordinaria e di quella sportiva. &#8220;La FGI ha saputo guardarsi dentro, studiare la situazione trovando quello che ci voleva per risistemare tutto. Abbiamo creato il Safeguarding Office, i primi in Italia, stiamo facendo degli accordi con il Moige; ci stiamo muovendo per dare ai nostri atleti tutto quello che serve perch\u00e8 oggi \u00e8 cambiato il mondo&#8221; prosegue Tecchi. Un plauso arrivato anche da Abodi che ha rimarcato come &#8220;nei momenti di difficolt\u00e0 bisogna avere la capacit\u00e0 di utilizzare l&#8217;errore per non ripeterlo e non girarsi dall&#8217;altra parte. La Federazione ha avuto il merito di essersi messa in discussione, ha saputo affrontare una critica e questo non \u00e8 consueto; c&#8217;\u00e8 stata la prospettiva del miglioramento che poi \u00e8 la logica dello sport. La Federazione non si \u00e8 nascosta, mettendosi a disposizione per ascoltare delle denunce: cos\u00ec si cresce veramente e mi auguro che questo sia da esempio per tutti&#8221;, ha concluso.<br \/>&#8211; foto Italpress\/Spf &#8211;<br \/>(ITALPRESS).<\/div>\n<div id=\"div-gpt-ad-Messinaoggi.it-DSK-300x250-corpoart\" style=\"text-align:center;margin:0 auto;\"><\/div><\/p><div id=\"videoincontent\" style=\"clear:both\";><\/div>","protected":false},"excerpt":{"rendered":"<p>ROMA (ITALPRESS) &#8211; Una mattinata per celebrare i risultati raggiunti e riflettere sul futuro. La Federginnastica \u00e8 stata ricevuta dal ministro per lo Sport e i giovani, Andrea Abodi, nella sala polifunzionale di Palazzo Chigi dove sono state celebrati gli atleti della nazionale che stanno rendendo magico il momento della ritmica e dell&#8217;artistica grazie ai [&hellip;]<\/p>\n","protected":false},"author":18,"featured_media":157636,"comment_status":"closed","ping_status":"closed","sticky":false,"template":"","format":"standard","meta":{"ub_ctt_via":"","_mi_skip_tracking":false},"categories":[446],"tags":[783],"featured_image_src":"https:\/\/www.messinaoggi.it\/website\/wp-content\/uploads\/2023\/05\/20230531_1674.jpg","author_info":{"display_name":"Admin","author_link":"https:\/\/www.messinaoggi.it\/website\/author\/admin\/"},"digistream_id":0,"digistream":false,"_links":{"self":[{"href":"https:\/\/www.messinaoggi.it\/website\/wp-json\/wp\/v2\/posts\/157635"}],"collection":[{"href":"https:\/\/www.messinaoggi.it\/website\/wp-json\/wp\/v2\/posts"}],"about":[{"href":"https:\/\/www.messinaoggi.it\/website\/wp-json\/wp\/v2\/types\/post"}],"author":[{"embeddable":true,"href":"https:\/\/www.messinaoggi.it\/website\/wp-json\/wp\/v2\/users\/18"}],"replies":[{"embeddable":true,"href":"https:\/\/www.messinaoggi.it\/website\/wp-json\/wp\/v2\/comments?post=157635"}],"version-history":[{"count":0,"href":"https:\/\/www.messinaoggi.it\/website\/wp-json\/wp\/v2\/posts\/157635\/revisions"}],"wp:featuredmedia":[{"embeddable":true,"href":"https:\/\/www.messinaoggi.it\/website\/wp-json\/wp\/v2\/media\/157636"}],"wp:attachment":[{"href":"https:\/\/www.messinaoggi.it\/website\/wp-json\/wp\/v2\/media?parent=157635"}],"wp:term":[{"taxonomy":"category","embeddable":true,"href":"https:\/\/www.messinaoggi.it\/website\/wp-json\/wp\/v2\/categories?post=157635"},{"taxonomy":"post_tag","embeddable":true,"href":"https:\/\/www.messinaoggi.it\/website\/wp-json\/wp\/v2\/tags?post=157635"}],"curies":[{"name":"wp","href":"https:\/\/api.w.org\/{rel}","templated":true}]}}