{"id":15759,"date":"2018-02-16T16:25:15","date_gmt":"2018-02-16T15:25:15","guid":{"rendered":"http:\/\/www.messinaoggi.it\/website\/?p=15759"},"modified":"2018-02-16T16:25:15","modified_gmt":"2018-02-16T15:25:15","slug":"crocetta-vi-spiego-perche-navarra-non-e-votabile","status":"publish","type":"post","link":"https:\/\/www.messinaoggi.it\/website\/2018\/02\/16\/crocetta-vi-spiego-perche-navarra-non-e-votabile\/","title":{"rendered":"Crocetta: &quot;Vi spiego perch\u00e9 Navarra non \u00e8 votabile&quot;"},"content":{"rendered":"<p style=\"text-align: justify;\">\u201c<em>Mi sarei aspettato una svolta culturale del Pd, non si possono candidare taluni personaggi. Una volta si candidavano i figli delle vittime di mafia, oggi si mettono in lista persone dai cognomi pesanti\u201d<\/em>.<div id=\"div-gpt-ad-Messinaoggi.it-DSK-300x250-corpoart\" style=\"text-align:center;margin:0 auto;\"><\/div><\/p>\n<p style=\"text-align: justify;\"><strong>Rosario Crocetta<\/strong> non arretra di un solo millimetro rispetto alla sua posizione sui cosiddetti impresentabili. Il caso-Navarra continua a tenere banco, anche all\u2019indomani della presa di posizione dei pro-rettori dell\u2019Universit\u00e0 di Messina, che hanno preso le difese di <strong>Pietro Navarra<\/strong>. Una difesa d\u2019ufficio per preservare anche l\u2019onorabilit\u00e0 dell\u2019Ateneo messinese. Pietro Navarra sapeva di portare un cognome pesante ma non si aspettava certamente che gli attacchi pi\u00f9 feroci sarebbero provenuti proprio dal Pd. Il \u201cfuoco amico\u201d che sta facendo \u201ctraballare\u201d l\u2019ex Rettore, il quale in pi\u00f9 di un\u2019occasione ha precisato che lo zio Michele \u00e8 morto dieci anni prima che egli nascesse. Crocetta non tira in ballo la parentela, ma evidenzia anche altri aspetti.<div id=\"videoincontent\" style=\"clear:both\";><\/div><\/p>\n<p style=\"text-align: justify;\"><strong>Cosa non le va gi\u00f9 della candidatura di Pietro Navarra\u2026<\/strong><\/p>\n<p style=\"text-align: justify;\">\u201c<em>Intanto, non sono io che tira fuori certe storie ma ci sono atti ufficiali della Commissione Parlamentare Antimafia che parlano della famiglia Navarra. In una relazione del 2006 si fa esplicito riferimento a Michele Navarra ritenuto il padrino di Cosa Nostra. E\u2019 notorio che lui abbia studiato a Messina conseguendo la specializzazione nell\u2019Ateneo peloritano. La relazione del 2006 dice testualmente: \u2018E\u2019 difficile anche immaginare che quei rapporti con Cosa Nostra, non appoggi\u00f2 anche dopo l\u2019assassinio del padrino corleonese, il fratello Salvatore Navarra, trasferendosi stabilmente a Messina, dove divenne docente universitario e poi per decenni direttore sanitario del locale Policlinico\u2019<\/em>\u201d.<\/p>\n<p style=\"text-align: justify;\"><strong>S\u00ec, ma il relatore all\u2019epoca dei fatti il relatore era Beppe Lumia?<\/strong><\/p>\n<p style=\"text-align: justify;\">\u201c<em>Lo sapevo che mi avrebbe fatto questa domanda, ma Lumia non poteva sapere che a distanze di 12 anni, Pietro Navarra si sarebbe candidato alla Camera dei deputati<\/em>\u201d.<\/p>\n<p style=\"text-align: justify;\"><strong>Ma cosa non le va gi\u00f9 di questa candidatura?<\/strong><\/p>\n<p style=\"text-align: justify;\"><em>\u201cTrovo che vi sia un problema di opportunit\u00e0 politica. E\u2019 come se fra 10 anni il Pd decidesse di candidare il nipote di Riina o Provenzano. Tutto questo \u00e8 assurdo\u201d.<\/em><\/p>\n<p style=\"text-align: justify;\"><strong>A Pietro Navarra in fine dei conti contesta la parentela?<\/strong><\/p>\n<p style=\"text-align: justify;\"><em>\u201cNo, assolutamente. Mi chiedo perch\u00e9 Pietro Navarra non abbia mai sentito il bisogno di fare ci\u00f2 che fece Peppino Impastato. Non ha mai fatto nulla per scrollarsi di dosso quel cognome pesante che porta. Lo invito pubblicamente a fare qualcosa contro la mafia. Non pu\u00f2 avere una storia familiare cos\u00ec pesante e tacere<\/em>\u201d.<\/p>\n<p style=\"text-align: justify;\"><strong>Ma Renzi l\u2019ha candidato ugualmente?<\/strong><\/p>\n<p style=\"text-align: justify;\"><em>\u201cE mi chiedo perch\u00e9 lo abbia fatto, conosceva la sua storia familiare, sapeva che noi non l\u2019avremmo votato. E invece denoto purtroppo una certa smobilitazione all\u2019interno del Pd, il problema \u00e8 comunque regionale. Non condivido nemmeno altre candidature di persone che portano cognomi pesanti\u201d.<\/em><\/p>\n<p style=\"text-align: justify;\"><strong>Matteo Renzi ha forse voluto allontanare i contestatori?<\/strong><\/p>\n<p style=\"text-align: justify;\"><em>\u201cGuardi il Pd \u00e8 diventato il lato B di Berlusconi. Sono due facce dello stesso Cd (ride). C\u2019\u00e8 il rischio che all\u2019interno del Pd si stia tentando di eliminare la vera sinistra, non sono un nostalgico mi definisco un libertario, ma non \u00e8 votabile il Pd dove ci sono invotabili. Impossibile, pertanto, votare Pietro Navarra\u201d.<\/em><\/p>\n<p style=\"text-align: justify;\"><strong>E cosa ne pensa dell\u2019ingresso di Dore Misuraca nel Pd?<\/strong><\/p>\n<p style=\"text-align: justify;\"><em>\u201cE\u2019 tornato a casa sua. Il Pd di Renzi \u00e8 come se fosse il centrodestra, disposti ad accogliere chiunque. Che vi sia questa vicinanza si evince dal silenzio del Pd sul caso-Antoci. Nessuno ha speso una sola parola\u201d.<\/em><\/p>\n<p style=\"text-align: justify;\"><strong>Qualcuno accusa Navarra di rappresentare una baronia universitaria\u2026<\/strong><\/p>\n<p style=\"text-align: justify;\"><em>\u201cE non sbaglia, basti guardare quanti Navarra sono docenti universitari. La lista mi pare sia molto lunga\u201d.<\/em><\/p>\n<p style=\"text-align: justify;\"><strong>Cosa vorrebbe chiedere a Pietro Navarra?<\/strong><\/p>\n<p style=\"text-align: justify;\"><em>\u201cUna domanda ce l\u2019avrei. Gli chiederei se ha verificato se nella sua segreteria non vi siano personaggi coinvolti in operazioni Antimafia. Io queste verifiche le ho sempre fatte. E lui?\u201d<\/em><\/p>\n<p style=\"text-align: justify;\"><strong>Allude a qualcosa?<\/strong><\/p>\n<p style=\"text-align: justify;\"><em>\u201cNon assolutamente, per chi combatte la mafia sono cose di routine\u201d.<\/em><\/p>\n<p style=\"text-align: justify;\"><strong>E di Messina cosa ci dice?<\/strong><\/p>\n<p style=\"text-align: justify;\"><em>\u201cChe \u00e8 una citt\u00e0 occupata dal silenzio. Presto far\u00f2 una conferenza stampa contro il silenzio dei potenti e dei prepotenti. Il caso dell\u2019Autorit\u00e0 Portuale \u00e8 emblematico. Da cittadino acquisito di questa citt\u00e0 ho protestato per lo scippo e la politica mi \u00e8 andata contro. Delrio mi diceva perch\u00e9 ti ribelli. Sono stato l\u2019unico a prendere le sue difese per impedire che venisse consegnata ai potenti romani con la complicit\u00e0 dei nuovi potenti locali\u201d.<\/em><\/p>\n<p style=\"text-align: justify;\"><strong>Qualcuno sostiene che lei potrebbe candidarsi a sindaco di Messina\u2026<\/strong><\/p>\n<p style=\"text-align: justify;\"><em>\u201cHo scelto di essere messinese e mi piacerebbe contribuire alla liberazione di questa citt\u00e0\u201d.<\/em><\/p>\n<p style=\"text-align: justify;\"><strong>La risposta \u00e8 s\u00ec, quindi?<\/strong><\/p>\n<p style=\"text-align: justify;\"><em>\u201cIn politica \u00e8 tutto possibile\u2026\u201d<\/em><\/p>\n<p style=\"text-align: justify;\">\n","protected":false},"excerpt":{"rendered":"<p>\u201cMi sarei aspettato una svolta culturale del Pd, non si possono candidare taluni personaggi. Una volta si candidavano i figli delle vittime di mafia, oggi si mettono in lista persone dai cognomi pesanti\u201d. Rosario Crocetta non arretra di un solo millimetro rispetto alla sua posizione sui cosiddetti impresentabili. Il caso-Navarra continua a tenere banco, anche [&hellip;]<\/p>\n","protected":false},"author":2,"featured_media":8069,"comment_status":"closed","ping_status":"open","sticky":false,"template":"","format":"standard","meta":{"ub_ctt_via":"","_mi_skip_tracking":false},"categories":[4],"tags":[],"featured_image_src":"https:\/\/www.messinaoggi.it\/website\/wp-content\/uploads\/2017\/09\/crocetta1-2.jpg","author_info":{"display_name":"Redazione","author_link":"https:\/\/www.messinaoggi.it\/website\/author\/redazione\/"},"digistream_id":0,"digistream":false,"_links":{"self":[{"href":"https:\/\/www.messinaoggi.it\/website\/wp-json\/wp\/v2\/posts\/15759"}],"collection":[{"href":"https:\/\/www.messinaoggi.it\/website\/wp-json\/wp\/v2\/posts"}],"about":[{"href":"https:\/\/www.messinaoggi.it\/website\/wp-json\/wp\/v2\/types\/post"}],"author":[{"embeddable":true,"href":"https:\/\/www.messinaoggi.it\/website\/wp-json\/wp\/v2\/users\/2"}],"replies":[{"embeddable":true,"href":"https:\/\/www.messinaoggi.it\/website\/wp-json\/wp\/v2\/comments?post=15759"}],"version-history":[{"count":0,"href":"https:\/\/www.messinaoggi.it\/website\/wp-json\/wp\/v2\/posts\/15759\/revisions"}],"wp:featuredmedia":[{"embeddable":true,"href":"https:\/\/www.messinaoggi.it\/website\/wp-json\/wp\/v2\/media\/8069"}],"wp:attachment":[{"href":"https:\/\/www.messinaoggi.it\/website\/wp-json\/wp\/v2\/media?parent=15759"}],"wp:term":[{"taxonomy":"category","embeddable":true,"href":"https:\/\/www.messinaoggi.it\/website\/wp-json\/wp\/v2\/categories?post=15759"},{"taxonomy":"post_tag","embeddable":true,"href":"https:\/\/www.messinaoggi.it\/website\/wp-json\/wp\/v2\/tags?post=15759"}],"curies":[{"name":"wp","href":"https:\/\/api.w.org\/{rel}","templated":true}]}}