{"id":157521,"date":"2023-05-31T00:07:53","date_gmt":"2023-05-30T22:07:53","guid":{"rendered":"https:\/\/www.messinaoggi.it\/website\/2023\/05\/30\/proietti-eletto-allunanimita-segretario-generale-della-uil-fpl\/"},"modified":"2023-05-31T09:01:40","modified_gmt":"2023-05-31T07:01:40","slug":"proietti-eletto-allunanimita-segretario-generale-della-uil-fpl","status":"publish","type":"post","link":"https:\/\/www.messinaoggi.it\/website\/2023\/05\/31\/proietti-eletto-allunanimita-segretario-generale-della-uil-fpl\/","title":{"rendered":"Proietti eletto all\u2019unanimit\u00e0 segretario generale della Uil-Fpl"},"content":{"rendered":"<div>ROMA (ITALPRESS) &#8211; Domenico Proietti \u00e8 stato eletto all&#8217;unanimit\u00e0 segretario generale della Uil-Fpl Nazionale, categoria che rappresenta i lavoratori della sanit\u00e0, delle funzioni locali e del terzo settore. Segretario confederale della Uil con delega al fisco, previdenza, terzo settore, sociale e welfare, Proietti \u00e8 autore di molte pubblicazioni. &#8220;Ripartiamo dalla valorizzazione del lavoro dei servizi pubblici: per una nuova stagione di diritti e tutele che ponga al centro la persona, le lavoratrici e i lavoratori della sanit\u00e0 pubblica e privata, delle autonomie locali e del terzo settore&#8221;, ha sottolineato appena eletto alla guida della Federazione. &#8220;Il nostro principale obiettivo \u00e8 il rinnovo di tutti i contratti pubblici e privati per difendere il potere d&#8217;acquisto e valorizzare la professionalit\u00e0 e le competenze dei dipendenti dei servizi pubblici&#8221;, ha aggiunto.<br \/>&#8220;Lavoreremo per difendere la sanit\u00e0, che deve rimanere pubblica e universale, evitando la privatizzazione di ampi segmenti che provocano dumping contrattuali che minano i diritti e le tutele delle lavoratrici e dei lavoratori, impedendo l&#8217;accesso alle cure per chi non pu\u00f2 pagarle. Proporremo con urgenza al Governo la necessit\u00e0 di un vero riordino di tutto il sistema delle autonomie locali, a partire dal ruolo delle Province e il necessario accorpamento dei Comuni per garantire efficienza e funzionalit\u00e0 dei servizi erogati ai cittadini, mentre nel terzo settore il nostro obiettivo \u00e8 ottenere un contratto di lavoro unico per tutto il settore socio sanitario assistenziale ed educativo, armonizzandolo ai contratti pubblici&#8221;, ha concluso.<br \/>Proietti, sar\u00e0 affiancato dai segretari nazionali Rita Longobardi, Fulvia Murru, Ciro Chietti e Pietro Bardoscia.<br \/>(ITALPRESS).<br \/>-foto ufficio stampa Uil-Fpl-<\/div>\n<div id=\"div-gpt-ad-Messinaoggi.it-DSK-300x250-corpoart\" style=\"text-align:center;margin:0 auto;\"><\/div><\/p><div id=\"videoincontent\" style=\"clear:both\";><\/div>","protected":false},"excerpt":{"rendered":"<p>ROMA (ITALPRESS) &#8211; Domenico Proietti \u00e8 stato eletto all&#8217;unanimit\u00e0 segretario generale della Uil-Fpl Nazionale, categoria che rappresenta i lavoratori della sanit\u00e0, delle funzioni locali e del terzo settore. Segretario confederale della Uil con delega al fisco, previdenza, terzo settore, sociale e welfare, Proietti \u00e8 autore di molte pubblicazioni. &#8220;Ripartiamo dalla valorizzazione del lavoro dei servizi [&hellip;]<\/p>\n","protected":false},"author":18,"featured_media":157522,"comment_status":"closed","ping_status":"closed","sticky":false,"template":"","format":"standard","meta":{"ub_ctt_via":"","_mi_skip_tracking":false},"categories":[446,6],"tags":[783],"featured_image_src":"https:\/\/www.messinaoggi.it\/website\/wp-content\/uploads\/2023\/05\/20230530_2082.jpg","author_info":{"display_name":"Admin","author_link":"https:\/\/www.messinaoggi.it\/website\/author\/admin\/"},"digistream_id":0,"digistream":false,"_links":{"self":[{"href":"https:\/\/www.messinaoggi.it\/website\/wp-json\/wp\/v2\/posts\/157521"}],"collection":[{"href":"https:\/\/www.messinaoggi.it\/website\/wp-json\/wp\/v2\/posts"}],"about":[{"href":"https:\/\/www.messinaoggi.it\/website\/wp-json\/wp\/v2\/types\/post"}],"author":[{"embeddable":true,"href":"https:\/\/www.messinaoggi.it\/website\/wp-json\/wp\/v2\/users\/18"}],"replies":[{"embeddable":true,"href":"https:\/\/www.messinaoggi.it\/website\/wp-json\/wp\/v2\/comments?post=157521"}],"version-history":[{"count":1,"href":"https:\/\/www.messinaoggi.it\/website\/wp-json\/wp\/v2\/posts\/157521\/revisions"}],"predecessor-version":[{"id":157537,"href":"https:\/\/www.messinaoggi.it\/website\/wp-json\/wp\/v2\/posts\/157521\/revisions\/157537"}],"wp:featuredmedia":[{"embeddable":true,"href":"https:\/\/www.messinaoggi.it\/website\/wp-json\/wp\/v2\/media\/157522"}],"wp:attachment":[{"href":"https:\/\/www.messinaoggi.it\/website\/wp-json\/wp\/v2\/media?parent=157521"}],"wp:term":[{"taxonomy":"category","embeddable":true,"href":"https:\/\/www.messinaoggi.it\/website\/wp-json\/wp\/v2\/categories?post=157521"},{"taxonomy":"post_tag","embeddable":true,"href":"https:\/\/www.messinaoggi.it\/website\/wp-json\/wp\/v2\/tags?post=157521"}],"curies":[{"name":"wp","href":"https:\/\/api.w.org\/{rel}","templated":true}]}}