{"id":157513,"date":"2023-05-30T19:07:54","date_gmt":"2023-05-30T17:07:54","guid":{"rendered":"https:\/\/www.messinaoggi.it\/website\/2023\/05\/30\/mourinho-meritiamo-questa-finale-sara-una-lotta\/"},"modified":"2023-05-30T19:07:54","modified_gmt":"2023-05-30T17:07:54","slug":"mourinho-meritiamo-questa-finale-sara-una-lotta","status":"publish","type":"post","link":"https:\/\/www.messinaoggi.it\/website\/2023\/05\/30\/mourinho-meritiamo-questa-finale-sara-una-lotta\/","title":{"rendered":"Mourinho \u201cMeritiamo questa finale, sar\u00e0 una lotta\u201d"},"content":{"rendered":"<div>BUDAPEST (UNGHERIA) (ITALPRESS) &#8211; &#8220;Il nostro avversario viene dalla Champions. Noi abbiamo fatto 14 partite per arrivare qui, senza dubbio lo meritiamo. Vogliamo giocare questa finale, abbiamo lavorato per cercare di essere in condizione per lottare per questo titolo&#8221;. Cos\u00ec il tecnico della Roma Jos\u00e8 Mourinho parla in conferenza stampa alla vigilia della finale di Europa League, in programma domani a Budapest contro il Siviglia. &#8220;Noi siamo in questa finale perch\u00e8 abbiamo meritato di esserci, il Siviglia ha una storia e un&#8217;esperienza che noi non abbiamo, per loro giocare una finale \u00e8 quasi una cosa normale, per noi no &#8211; ha aggiunto il mister portoghese &#8211; Loro hanno 25 o 26 giocatori di altissimo livello, sono tutti professionisti di alto livello, qualit\u00e0 e hanno tante opzioni. Loro non conoscono i miei ragazzi, la mia squadra e noi domani saremo l\u00ec&#8221;. Lo Special One si sofferma anche sul suo futuro: &#8220;Ho parlato con i miei capitani, a loro ho risposto in modo obiettivo. Questa \u00e8 una cosa tra me e la mia squadra, loro sanno cosa penso. C&#8217;\u00e8 una differenza grande rispetto alla mia situazione con l&#8217;Inter perch\u00e8 con il Real Madrid era tutto fatto, mancava solo la firma mentre adesso ho zero contatti con altri club. Quello che \u00e8 importante siamo noi e vogliamo solo giocare&#8221;. <br \/>&#8211; Foto LivePhotoSport &#8211;<br \/>(ITALPRESS).<\/div>\n<div id=\"div-gpt-ad-Messinaoggi.it-DSK-300x250-corpoart\" style=\"text-align:center;margin:0 auto;\"><\/div><\/p><div id=\"videoincontent\" style=\"clear:both\";><\/div>","protected":false},"excerpt":{"rendered":"<p>BUDAPEST (UNGHERIA) (ITALPRESS) &#8211; &#8220;Il nostro avversario viene dalla Champions. Noi abbiamo fatto 14 partite per arrivare qui, senza dubbio lo meritiamo. Vogliamo giocare questa finale, abbiamo lavorato per cercare di essere in condizione per lottare per questo titolo&#8221;. Cos\u00ec il tecnico della Roma Jos\u00e8 Mourinho parla in conferenza stampa alla vigilia della finale di [&hellip;]<\/p>\n","protected":false},"author":18,"featured_media":157514,"comment_status":"closed","ping_status":"closed","sticky":false,"template":"","format":"standard","meta":{"ub_ctt_via":"","_mi_skip_tracking":false},"categories":[446],"tags":[783],"featured_image_src":"https:\/\/www.messinaoggi.it\/website\/wp-content\/uploads\/2023\/05\/20230530_1961.jpg","author_info":{"display_name":"Admin","author_link":"https:\/\/www.messinaoggi.it\/website\/author\/admin\/"},"digistream_id":0,"digistream":false,"_links":{"self":[{"href":"https:\/\/www.messinaoggi.it\/website\/wp-json\/wp\/v2\/posts\/157513"}],"collection":[{"href":"https:\/\/www.messinaoggi.it\/website\/wp-json\/wp\/v2\/posts"}],"about":[{"href":"https:\/\/www.messinaoggi.it\/website\/wp-json\/wp\/v2\/types\/post"}],"author":[{"embeddable":true,"href":"https:\/\/www.messinaoggi.it\/website\/wp-json\/wp\/v2\/users\/18"}],"replies":[{"embeddable":true,"href":"https:\/\/www.messinaoggi.it\/website\/wp-json\/wp\/v2\/comments?post=157513"}],"version-history":[{"count":0,"href":"https:\/\/www.messinaoggi.it\/website\/wp-json\/wp\/v2\/posts\/157513\/revisions"}],"wp:featuredmedia":[{"embeddable":true,"href":"https:\/\/www.messinaoggi.it\/website\/wp-json\/wp\/v2\/media\/157514"}],"wp:attachment":[{"href":"https:\/\/www.messinaoggi.it\/website\/wp-json\/wp\/v2\/media?parent=157513"}],"wp:term":[{"taxonomy":"category","embeddable":true,"href":"https:\/\/www.messinaoggi.it\/website\/wp-json\/wp\/v2\/categories?post=157513"},{"taxonomy":"post_tag","embeddable":true,"href":"https:\/\/www.messinaoggi.it\/website\/wp-json\/wp\/v2\/tags?post=157513"}],"curies":[{"name":"wp","href":"https:\/\/api.w.org\/{rel}","templated":true}]}}