{"id":157461,"date":"2023-05-30T17:07:53","date_gmt":"2023-05-30T15:07:53","guid":{"rendered":"https:\/\/www.messinaoggi.it\/website\/2023\/05\/30\/kosovo-crosetto-i-soldati-italiani-stanno-bene\/"},"modified":"2023-05-30T17:07:53","modified_gmt":"2023-05-30T15:07:53","slug":"kosovo-crosetto-i-soldati-italiani-stanno-bene","status":"publish","type":"post","link":"https:\/\/www.messinaoggi.it\/website\/2023\/05\/30\/kosovo-crosetto-i-soldati-italiani-stanno-bene\/","title":{"rendered":"Kosovo, Crosetto \u201cI soldati italiani stanno bene\u201d"},"content":{"rendered":"<div>ROMA (ITALPRESS) &#8211; &#8220;Nove dei nostri soldati sono in infermeria, tre sono gi\u00e0 tornati al lavoro e due hanno dovuto subire operazioni perch\u00e8 hanno avuto fratture scomposte. Non c&#8217;\u00e8 stato per fortuna nulla di grave&#8221;. Lo ha detto il ministro della Difesa, Guido Crosetto, ospite di &#8220;Oggi \u00e8 un altro giorno&#8221; su Raiuno, a proposito dei militari italiani feriti negli scontri avvenuti in Kosovo.<br \/>&#8220;E&#8217; una situazione folle: ci sono dei sindaci eletti con solo l&#8217;1% dei voti, per cui adesso ci sono proteste&#8221;, spiega in merito alle tensioni in atto in Kosovo. &#8220;Abbiamo lavorato per gettare un p\u00f2 di acqua sul fuoco, non possiamo permetterci altre ferite in Europa&#8221;, aggiunge.<div id=\"div-gpt-ad-Messinaoggi.it-DSK-300x250-corpoart\" style=\"text-align:center;margin:0 auto;\"><\/div><\/p>\n<p>&#8211; foto Agenziafotogramma.it &#8211;<div id=\"videoincontent\" style=\"clear:both\";><\/div><\/p>\n<p>(ITALPRESS).<\/p><\/div>\n","protected":false},"excerpt":{"rendered":"<p>ROMA (ITALPRESS) &#8211; &#8220;Nove dei nostri soldati sono in infermeria, tre sono gi\u00e0 tornati al lavoro e due hanno dovuto subire operazioni perch\u00e8 hanno avuto fratture scomposte. Non c&#8217;\u00e8 stato per fortuna nulla di grave&#8221;. Lo ha detto il ministro della Difesa, Guido Crosetto, ospite di &#8220;Oggi \u00e8 un altro giorno&#8221; su Raiuno, a proposito [&hellip;]<\/p>\n","protected":false},"author":18,"featured_media":157462,"comment_status":"closed","ping_status":"closed","sticky":false,"template":"","format":"standard","meta":{"ub_ctt_via":"","_mi_skip_tracking":false},"categories":[446],"tags":[783],"featured_image_src":"https:\/\/www.messinaoggi.it\/website\/wp-content\/uploads\/2023\/05\/20230530_1510.jpg","author_info":{"display_name":"Admin","author_link":"https:\/\/www.messinaoggi.it\/website\/author\/admin\/"},"digistream_id":0,"digistream":false,"_links":{"self":[{"href":"https:\/\/www.messinaoggi.it\/website\/wp-json\/wp\/v2\/posts\/157461"}],"collection":[{"href":"https:\/\/www.messinaoggi.it\/website\/wp-json\/wp\/v2\/posts"}],"about":[{"href":"https:\/\/www.messinaoggi.it\/website\/wp-json\/wp\/v2\/types\/post"}],"author":[{"embeddable":true,"href":"https:\/\/www.messinaoggi.it\/website\/wp-json\/wp\/v2\/users\/18"}],"replies":[{"embeddable":true,"href":"https:\/\/www.messinaoggi.it\/website\/wp-json\/wp\/v2\/comments?post=157461"}],"version-history":[{"count":0,"href":"https:\/\/www.messinaoggi.it\/website\/wp-json\/wp\/v2\/posts\/157461\/revisions"}],"wp:featuredmedia":[{"embeddable":true,"href":"https:\/\/www.messinaoggi.it\/website\/wp-json\/wp\/v2\/media\/157462"}],"wp:attachment":[{"href":"https:\/\/www.messinaoggi.it\/website\/wp-json\/wp\/v2\/media?parent=157461"}],"wp:term":[{"taxonomy":"category","embeddable":true,"href":"https:\/\/www.messinaoggi.it\/website\/wp-json\/wp\/v2\/categories?post=157461"},{"taxonomy":"post_tag","embeddable":true,"href":"https:\/\/www.messinaoggi.it\/website\/wp-json\/wp\/v2\/tags?post=157461"}],"curies":[{"name":"wp","href":"https:\/\/api.w.org\/{rel}","templated":true}]}}