{"id":157459,"date":"2023-05-30T16:07:55","date_gmt":"2023-05-30T14:07:55","guid":{"rendered":"https:\/\/www.messinaoggi.it\/website\/2023\/05\/30\/fs-partito-da-roma-lintercity-con-gli-scatti-di-richard-avedon\/"},"modified":"2023-05-30T16:07:55","modified_gmt":"2023-05-30T14:07:55","slug":"fs-partito-da-roma-lintercity-con-gli-scatti-di-richard-avedon","status":"publish","type":"post","link":"https:\/\/www.messinaoggi.it\/website\/2023\/05\/30\/fs-partito-da-roma-lintercity-con-gli-scatti-di-richard-avedon\/","title":{"rendered":"Fs, partito da Roma l\u2019Intercity con gli scatti di Richard Avedon"},"content":{"rendered":"<div>ROMA (ITALPRESS) &#8211; &#8220;Il gruppo Ferrovie dello Stato fa viaggiare la cultura&#8221;. Parte oggi dal primo binario della Stazione Termini l&#8217;Intercity che vede raffigurate sulle fiancate le immagini pi\u00f9 iconiche di Richard Avedon, tra i pi\u00f9 famosi fotografi americani. L&#8217;iniziativa \u00e8 stata presentata da Luigi Corradi, amministratore Delegato Trenitalia, Renata Sansone, amministratore delegato Civita Sicilia, Luca Torchia, chief communication officer del Gruppo FS.<br \/>&#8220;E&#8217; un impegno grande che unisce vari fronti: il sud perch\u00e8 questo \u00e8 un treno che da Milano arriva a Palermo e a Siracusa &#8211; ha detto Corradi -, la cultura perch\u00e8 su questo treno noi iniziamo a far vedere la fotografie di Avedon che poi si vedranno al Museo di Arte Moderna di Palermo, e poi i giovani perch\u00e8 stiamo anche aiutando la scuola ad avvicinarsi alla cultura, abbiamo fatto un accordo con le scuole e tramite il treno facciamo visitare la mostra agli studenti delle medie. Questo treno unir\u00e0 Milano-Palermo &#8211; Siracusa e chiunque lo prender\u00e0 nei prossimi due mesi avr\u00e0 la possibilit\u00e0 di vedere gli scatti di Avedon&#8221;.<br \/>Il treno raggiunger\u00e0 Palermo dove \u00e8 in programma, fino al 30 luglio alla GAM, una mostra dedicata al celebre fotografo americano,dal titolo &#8220;Relationships&#8221;, della quale il Gruppo FS \u00e8 partner.<br \/>&#8220;L&#8217;impegno di Ferrovie dello Stato per fare vivere ai territori esperienze particolari , in questo caso culturali, che altrimenti non potrebbero vivere &#8211; il commento di Torchia -. Ricordo che la Sicilia \u00e8 una regione chiave, insieme alla Calabria, per costruire un collegamento europeo Palermo-Berlino. In Sicilia investiremo per creare un potenziamento della linea Alta Velocit\u00e0 Palermo-Catania-Messina, \u00e8 una regione che \u00e8 all&#8217;attenzione del gruppo non solo per i grandi investimenti infrastrutturali ma anche, come in questo caso, per portare delle iniziative culturali&#8221;.<br \/>Su due carrozze del treno sar\u00e0 possibile ammirare gli scatti del famoso fotografo americano, fino a destinazione, mentre la decorazione interna di tavoli e pannelli sar\u00e0 con i colori e le stesse grafiche della mostra. Al momento dell&#8217;attraversamento dello Stretto di Messina, le due carrozze prenderanno destinazioni diverse, con mete finali Palermo e Siracusa, come a voler diffondere l&#8217;arte di Avedon nel modo pi\u00f9 ampio possibile.<br \/>Il curatore della mostra, Andrea Garbetta ha spiegato che &#8220;\u00e8 stata una bellissima collaborazione partita quasi un anno fa. Dopo il successo di Milano abbiamo inserito Palermo, la Sicilia, nel grande circuito internazionale degli eventi. Con questa mostra si coniugano le immagini con l&#8217;arte, a Palermo ci sar\u00e0 una esposizione bellissima per scoprire i grandi scatti di Avedon&#8221;.<br \/>Sansone ha ringraziato Fs e Trenitalia: &#8220;Fare impresa culturale in una terra come la Sicilia \u00e8 una grande sfida, avere la possibilit\u00e0 di portare una mostra cos\u00ec importante \u00e8 un dono enorme per una terra che merita tutta questa attenzione.<br \/>Mi auguro questo sia il primo evento sui binari della cultura che possono unire nord, centro e sud&#8221;.<div id=\"div-gpt-ad-Messinaoggi.it-DSK-300x250-corpoart\" style=\"text-align:center;margin:0 auto;\"><\/div><\/p>\n<p>&#8211; foto f04\/Italpress &#8211;<div id=\"videoincontent\" style=\"clear:both\";><\/div><\/p>\n<p>(ITALPRESS).<\/p><\/div>\n","protected":false},"excerpt":{"rendered":"<p>ROMA (ITALPRESS) &#8211; &#8220;Il gruppo Ferrovie dello Stato fa viaggiare la cultura&#8221;. Parte oggi dal primo binario della Stazione Termini l&#8217;Intercity che vede raffigurate sulle fiancate le immagini pi\u00f9 iconiche di Richard Avedon, tra i pi\u00f9 famosi fotografi americani. L&#8217;iniziativa \u00e8 stata presentata da Luigi Corradi, amministratore Delegato Trenitalia, Renata Sansone, amministratore delegato Civita Sicilia, [&hellip;]<\/p>\n","protected":false},"author":18,"featured_media":157460,"comment_status":"closed","ping_status":"closed","sticky":false,"template":"","format":"standard","meta":{"ub_ctt_via":"","_mi_skip_tracking":false},"categories":[446],"tags":[783],"featured_image_src":"https:\/\/www.messinaoggi.it\/website\/wp-content\/uploads\/2023\/05\/20230530_1022.jpg","author_info":{"display_name":"Admin","author_link":"https:\/\/www.messinaoggi.it\/website\/author\/admin\/"},"digistream_id":0,"digistream":false,"_links":{"self":[{"href":"https:\/\/www.messinaoggi.it\/website\/wp-json\/wp\/v2\/posts\/157459"}],"collection":[{"href":"https:\/\/www.messinaoggi.it\/website\/wp-json\/wp\/v2\/posts"}],"about":[{"href":"https:\/\/www.messinaoggi.it\/website\/wp-json\/wp\/v2\/types\/post"}],"author":[{"embeddable":true,"href":"https:\/\/www.messinaoggi.it\/website\/wp-json\/wp\/v2\/users\/18"}],"replies":[{"embeddable":true,"href":"https:\/\/www.messinaoggi.it\/website\/wp-json\/wp\/v2\/comments?post=157459"}],"version-history":[{"count":0,"href":"https:\/\/www.messinaoggi.it\/website\/wp-json\/wp\/v2\/posts\/157459\/revisions"}],"wp:featuredmedia":[{"embeddable":true,"href":"https:\/\/www.messinaoggi.it\/website\/wp-json\/wp\/v2\/media\/157460"}],"wp:attachment":[{"href":"https:\/\/www.messinaoggi.it\/website\/wp-json\/wp\/v2\/media?parent=157459"}],"wp:term":[{"taxonomy":"category","embeddable":true,"href":"https:\/\/www.messinaoggi.it\/website\/wp-json\/wp\/v2\/categories?post=157459"},{"taxonomy":"post_tag","embeddable":true,"href":"https:\/\/www.messinaoggi.it\/website\/wp-json\/wp\/v2\/tags?post=157459"}],"curies":[{"name":"wp","href":"https:\/\/api.w.org\/{rel}","templated":true}]}}