{"id":15743,"date":"2018-02-16T12:35:33","date_gmt":"2018-02-16T11:35:33","guid":{"rendered":"http:\/\/www.messinaoggi.it\/website\/?p=15743"},"modified":"2018-02-16T12:35:33","modified_gmt":"2018-02-16T11:35:33","slug":"abuso-dufficio-e-falso-trema-il-comune-di-barcellona-i-nomi-degli-indagati","status":"publish","type":"post","link":"https:\/\/www.messinaoggi.it\/website\/2018\/02\/16\/abuso-dufficio-e-falso-trema-il-comune-di-barcellona-i-nomi-degli-indagati\/","title":{"rendered":"Abuso d\u2019ufficio e falso: trema il Comune Barcellona. I nomi degli indagati"},"content":{"rendered":"<p align=\"JUSTIFY\"><span style=\"font-family: Arial, serif;\"><span style=\"font-size: medium;\">False attestazioni, omissione di accertamenti, velocizzazione indebita delle relative pratiche, omissione di atti dovuti. Trema l&#8217;amministrazione barcellonese. Amministratori e funzionari, sia in carica che non pi\u00f9 in servizio, finiscono nell&#8217;occhio del ciclone perch\u00e9 si sarebbero resi colpevoli di aver messo in atto condotte che &#8211; dietro la presunta regia dell&#8217;ex assessore Angelo Coppolino, il quale in tal modo ne avrebbe tratto un ingiusto vantaggio patrimoniale &#8211; sarebbero state perpetrate dagli indagati animati dalla speranza di ottenere futuri vantaggi. In particolare, irregolarit\u00e0 riguardanti immobili riconducibili a Coppolino ed ad alcuni suoi familiari hanno spinto il Procuratore Capo della Repubblica Emanuele Crescenti e il Sostituto Procuratore Matteo De Micheli ad avviare un&#8217;indagine nel 2014, che ha messo in luce pressioni esercitate dall\u2019ex assessore su tecnici e amministratori compiacenti al fine di occultare, per l\u2019appunto, le macroscopiche difformit\u00e0 ed i conseguenti illeciti edilizi.<\/span><\/span><div id=\"div-gpt-ad-Messinaoggi.it-DSK-300x250-corpoart\" style=\"text-align:center;margin:0 auto;\"><\/div><\/p>\n<p align=\"JUSTIFY\"><span style=\"font-family: Arial, serif;\"><span style=\"font-size: medium;\">Un indagine lunga e laboriosa che ha portato all\u2019emissione dell\u2019ordinanza di applicazione di misure cautelari coercitive ed interdittive nei confronti di amministratori e funzionari del Comune di Barcellona.<\/span><\/span><div id=\"videoincontent\" style=\"clear:both\";><\/div><\/p>\n<p align=\"JUSTIFY\"><span style=\"font-family: Arial, serif;\"><span style=\"font-size: medium;\">Ad eseguirla i poliziotti del Commissariato locale; ad emetterla il Gip del Tribunale di quel Comune dottor Fabio Gugliotta. Intercettazioni telefoniche, acquisizione di tabulati, sopralluoghi, analisi e sequestro di documenti ed edifici sono alcuni degli strumenti investigativi che hanno permesso di muovere specifici addebiti a carico di:<br \/>\n<\/span><\/span><span style=\"font-family: Arial, serif;\"><span style=\"font-size: medium;\"><b>Angelo Coppolino<\/b>,<\/span><\/span><span style=\"font-family: Arial, serif;\"><span style=\"font-size: medium;\"> ex assessore allo Sport e Politiche Giovanili Sportive, Industria, Caccia e Pesca, Servizi Demografici e Toponomastica, Rapporti con i Quartieri, Programmazione e Manutenzione Impianti Sportivi a cui <\/span><\/span><span style=\"font-family: Arial, serif;\"><span style=\"font-size: medium;\">\u00e8 stata applicata la misura cautelare in carcere in quanto accusato di<\/span><\/span> <span style=\"font-family: Arial, serif;\"><span style=\"font-size: medium;\">concussione, induzione indebita di dare o promettere utilit\u00e0, abuso d\u2019ufficio e falso;<br \/>\n<\/span><\/span><span style=\"font-family: Arial, serif;\"><span style=\"font-size: medium;\"><b>Salvatore Di Pietro<\/b>,<\/span><\/span><span style=\"font-family: Arial, serif;\"><span style=\"font-size: medium;\"> vice Comandante della Polizia Municipale <\/span><\/span><span style=\"font-family: Arial, serif;\"><span style=\"font-size: medium;\">sottoposto alla misura interdittiva della sospensione da ogni ufficio ricoperto all\u2019interno del Comune in quanto accusato di falso ed abuso d\u2019ufficio, nonch\u00e9 di induzione indebita di dare o promettere utilit\u00e0;<br \/>\n<\/span><\/span><span style=\"font-family: Arial, serif;\"><span style=\"font-size: medium;\"><b>Carmelo Rucci<\/b>,<\/span><\/span><span style=\"font-family: Arial, serif;\"><span style=\"font-size: medium;\"> funzionario dell\u2019Ufficio Tecnico Edilizia Privata, Concessioni Edilizie e Sanatoria <\/span><\/span><span style=\"font-family: Arial, serif;\"><span style=\"font-size: medium;\">sottoposto alla misura degli arresti domiciliari in quanto accusato di concussione, induzione indebita di dare o promettere utilit\u00e0, abuso d\u2019ufficio e falso;<br \/>\n<\/span><\/span><span style=\"font-family: Arial, serif;\"><span style=\"font-size: medium;\"><b>Bruno Isgr\u00f2<\/b><\/span><\/span><span style=\"font-family: Arial, serif;\"><span style=\"font-size: medium;\">, architetto<\/span><\/span><span style=\"font-family: Arial, serif;\"><span style=\"font-size: medium;\"> a cui \u00e8 stata imposta la misura del divieto di esercitare la professione di architetto per 6 mesi in quanto accusato di falso ed abuso d\u2019ufficio;<br \/>\n<\/span><\/span><span style=\"font-family: Arial, serif;\"><span style=\"font-size: medium;\"><b>Francesco Livoti<\/b><\/span><\/span><span style=\"font-family: Arial, serif;\"><span style=\"font-size: medium;\">, tecnico comunale <\/span><\/span><span style=\"font-family: Arial, serif;\"><span style=\"font-size: medium;\">sottoposto alla misura interdittiva della sospensione da ogni ufficio ricoperto all\u2019interno del Comune in quanto accusato di falso ed abuso d\u2019ufficio;<br \/>\n<\/span><\/span><span style=\"font-family: Arial, serif;\"><span style=\"font-size: medium;\"><b>Giuseppe Bonomo<\/b><\/span><\/span><span style=\"font-family: Arial, serif;\"><span style=\"font-size: medium;\">, tecnico comunale <\/span><\/span><span style=\"font-family: Arial, serif;\"><span style=\"font-size: medium;\">sottoposto alla misura interdittiva della sospensione da ogni ufficio ricoperto all\u2019interno del Comune in quanto accusato di falso ed abuso d\u2019ufficio;<br \/>\n<\/span><\/span><span style=\"font-family: Arial, serif;\"><span style=\"font-size: medium;\"><b>Santi Alligo<\/b>,<\/span><\/span><span style=\"font-family: Arial, serif;\"><span style=\"font-size: medium;\"> ex Segretario Generale<\/span><\/span><span style=\"font-family: Arial, serif;\"><span style=\"font-size: medium;\"> a cui \u00e8 stato imposto l\u2019obbligo di dimora nel Comune di residenza in quanto accusato di uso di atti falsi e favoreggiamento personale;<br \/>\n<\/span><\/span><span style=\"font-family: Arial, serif;\"><span style=\"font-size: medium;\"><b>Roberto Materia<\/b>,<\/span><\/span><span style=\"font-family: Arial, serif;\"><span style=\"font-size: medium;\"> Sindaco del Comune di Barcellona sottoposto al divieto di dimora e di ingresso nel Comune di Barcellona in quanto accusato di abuso d\u2019ufficio per aver revocato illegittimamente l\u2019incarico dell\u2019allora Comandante della Polizia Municipale. <\/span><\/span><\/p>\n<p align=\"JUSTIFY\"><span style=\"font-family: Arial, serif;\"><span style=\"font-size: medium;\"><strong>&#8220;Sono sereno, ho sempre agito nel rispetto della legge&#8221;.<\/strong> Giunge una nota chiarificatrice da parte del sindaco Materia &#8211; la cui giunta sar\u00e0 al momento presieduta dal vicesindaco Filippo Ezio Sottile dato che il sindaco barcellonese \u00e8 stato al momento sottoposto al divieto di dimora e di ingresso nel comune &#8211; il quale ha affermato: &#8220;<\/span><\/span><span style=\"font-family: Arial, sans-serif;\"><span style=\"font-size: medium;\">Desidero riferire ai miei concittadini che sono assolutamente sereno, di quella serenit\u00e0 che nasce dall\u2019intimo convincimento, dalla consapevolezza, di avere agito sempre all\u2019interno del percorso tracciato dalla legge, non soltanto in questa vicenda ma in tutta la mia esperienza di vita.<\/span><\/span><\/p>\n<p align=\"JUSTIFY\"><span style=\"font-family: Arial, sans-serif;\"><span style=\"font-size: medium;\">Difender\u00f2 la mia posizione, la mia dignit\u00e0 di politico e di uomo, nelle sedi deputate, sostenuto da questi pensieri e dalla professionalit\u00e0 dei miei avvocati, fiducioso, dunque, di poter chiarire tutto in breve tempo&#8221;.<\/span><\/span><\/p>\n","protected":false},"excerpt":{"rendered":"<p>False attestazioni, omissione di accertamenti, velocizzazione indebita delle relative pratiche, omissione di atti dovuti. Trema l&#8217;amministrazione barcellonese. Amministratori e funzionari, sia in carica che non pi\u00f9 in servizio, finiscono nell&#8217;occhio del ciclone perch\u00e9 si sarebbero resi colpevoli di aver messo in atto condotte che &#8211; dietro la presunta regia dell&#8217;ex assessore Angelo Coppolino, il quale [&hellip;]<\/p>\n","protected":false},"author":8,"featured_media":2997,"comment_status":"closed","ping_status":"open","sticky":false,"template":"","format":"standard","meta":{"ub_ctt_via":"","_mi_skip_tracking":false},"categories":[5],"tags":[],"featured_image_src":"https:\/\/www.messinaoggi.it\/website\/wp-content\/uploads\/2017\/06\/comune-barcellona-pg-2.jpg","author_info":{"display_name":"red..me","author_link":"https:\/\/www.messinaoggi.it\/website\/author\/redstage\/"},"digistream_id":0,"digistream":false,"_links":{"self":[{"href":"https:\/\/www.messinaoggi.it\/website\/wp-json\/wp\/v2\/posts\/15743"}],"collection":[{"href":"https:\/\/www.messinaoggi.it\/website\/wp-json\/wp\/v2\/posts"}],"about":[{"href":"https:\/\/www.messinaoggi.it\/website\/wp-json\/wp\/v2\/types\/post"}],"author":[{"embeddable":true,"href":"https:\/\/www.messinaoggi.it\/website\/wp-json\/wp\/v2\/users\/8"}],"replies":[{"embeddable":true,"href":"https:\/\/www.messinaoggi.it\/website\/wp-json\/wp\/v2\/comments?post=15743"}],"version-history":[{"count":0,"href":"https:\/\/www.messinaoggi.it\/website\/wp-json\/wp\/v2\/posts\/15743\/revisions"}],"wp:featuredmedia":[{"embeddable":true,"href":"https:\/\/www.messinaoggi.it\/website\/wp-json\/wp\/v2\/media\/2997"}],"wp:attachment":[{"href":"https:\/\/www.messinaoggi.it\/website\/wp-json\/wp\/v2\/media?parent=15743"}],"wp:term":[{"taxonomy":"category","embeddable":true,"href":"https:\/\/www.messinaoggi.it\/website\/wp-json\/wp\/v2\/categories?post=15743"},{"taxonomy":"post_tag","embeddable":true,"href":"https:\/\/www.messinaoggi.it\/website\/wp-json\/wp\/v2\/tags?post=15743"}],"curies":[{"name":"wp","href":"https:\/\/api.w.org\/{rel}","templated":true}]}}