{"id":157421,"date":"2023-05-30T15:07:54","date_gmt":"2023-05-30T13:07:54","guid":{"rendered":"https:\/\/www.messinaoggi.it\/website\/2023\/05\/30\/tfn-accoglie-il-patteggiamento-solo-una-multa-per-la-juve\/"},"modified":"2023-05-30T15:07:54","modified_gmt":"2023-05-30T13:07:54","slug":"tfn-accoglie-il-patteggiamento-solo-una-multa-per-la-juve","status":"publish","type":"post","link":"https:\/\/www.messinaoggi.it\/website\/2023\/05\/30\/tfn-accoglie-il-patteggiamento-solo-una-multa-per-la-juve\/","title":{"rendered":"Tfn accoglie il patteggiamento, solo una multa per la Juve"},"content":{"rendered":"<div>ROMA (ITALPRESS) &#8211; Il Tribunale Federale Nazionale ha accettato il patteggiamento della Juventus per la doppia manovra stipendi riguardante le stagioni 2019\/20 e 2020\/21, il filone agenti e i rapporti di partnership con altri club, infliggendo una sanzione pecuniaria alla societ\u00e0 bianconera pari a 718.240,00 euro. Sanzionati anche i dirigenti coinvolti. Stralciata, invece, la posizione di Andrea Agnelli che sar\u00e0 giudicato il prossimo 15 giugno.<br \/>&#8220;C&#8217;\u00e8 un momento per la verifica, gli accertamenti e i giudizi ma anche uno per decidere e guardare al futuro con maggiore serenit\u00e0, un momento per pensare alla progettualit\u00e0, il tutto nel rispetto delle regole. Quest&#8217;ultimo atto \u00e8 previsto dalle nostre norme, dal codice di giustizia sportiva, auspicabile e condiviso. Credo sia il risultato pi\u00f9 bello per il calcio italiano l&#8217;aver trovato un momento di serenit\u00e0&#8221;. Cos\u00ec Gabriele Gravina, presidente Figc, commenta il patteggiamento della Juventus sulla manovra stipendi che ha visto la societ\u00e0 bianconera punita con un&#8217;ammenda.<br \/>&#8211; foto Image &#8211;<br \/>(ITALPRESS).<\/div>\n<div id=\"div-gpt-ad-Messinaoggi.it-DSK-300x250-corpoart\" style=\"text-align:center;margin:0 auto;\"><\/div><\/p><div id=\"videoincontent\" style=\"clear:both\";><\/div>","protected":false},"excerpt":{"rendered":"<p>ROMA (ITALPRESS) &#8211; Il Tribunale Federale Nazionale ha accettato il patteggiamento della Juventus per la doppia manovra stipendi riguardante le stagioni 2019\/20 e 2020\/21, il filone agenti e i rapporti di partnership con altri club, infliggendo una sanzione pecuniaria alla societ\u00e0 bianconera pari a 718.240,00 euro. Sanzionati anche i dirigenti coinvolti. Stralciata, invece, la posizione [&hellip;]<\/p>\n","protected":false},"author":18,"featured_media":157422,"comment_status":"closed","ping_status":"closed","sticky":false,"template":"","format":"standard","meta":{"ub_ctt_via":"","_mi_skip_tracking":false},"categories":[446],"tags":[783],"featured_image_src":"https:\/\/www.messinaoggi.it\/website\/wp-content\/uploads\/2023\/05\/20230530_0824.jpg","author_info":{"display_name":"Admin","author_link":"https:\/\/www.messinaoggi.it\/website\/author\/admin\/"},"digistream_id":0,"digistream":false,"_links":{"self":[{"href":"https:\/\/www.messinaoggi.it\/website\/wp-json\/wp\/v2\/posts\/157421"}],"collection":[{"href":"https:\/\/www.messinaoggi.it\/website\/wp-json\/wp\/v2\/posts"}],"about":[{"href":"https:\/\/www.messinaoggi.it\/website\/wp-json\/wp\/v2\/types\/post"}],"author":[{"embeddable":true,"href":"https:\/\/www.messinaoggi.it\/website\/wp-json\/wp\/v2\/users\/18"}],"replies":[{"embeddable":true,"href":"https:\/\/www.messinaoggi.it\/website\/wp-json\/wp\/v2\/comments?post=157421"}],"version-history":[{"count":0,"href":"https:\/\/www.messinaoggi.it\/website\/wp-json\/wp\/v2\/posts\/157421\/revisions"}],"wp:featuredmedia":[{"embeddable":true,"href":"https:\/\/www.messinaoggi.it\/website\/wp-json\/wp\/v2\/media\/157422"}],"wp:attachment":[{"href":"https:\/\/www.messinaoggi.it\/website\/wp-json\/wp\/v2\/media?parent=157421"}],"wp:term":[{"taxonomy":"category","embeddable":true,"href":"https:\/\/www.messinaoggi.it\/website\/wp-json\/wp\/v2\/categories?post=157421"},{"taxonomy":"post_tag","embeddable":true,"href":"https:\/\/www.messinaoggi.it\/website\/wp-json\/wp\/v2\/tags?post=157421"}],"curies":[{"name":"wp","href":"https:\/\/api.w.org\/{rel}","templated":true}]}}