{"id":157330,"date":"2023-05-30T09:07:57","date_gmt":"2023-05-30T07:07:57","guid":{"rendered":"https:\/\/www.messinaoggi.it\/website\/2023\/05\/30\/scuola-valditara-minacce-e-disagio-serve-sostegno-psicologico\/"},"modified":"2023-05-30T09:07:57","modified_gmt":"2023-05-30T07:07:57","slug":"scuola-valditara-minacce-e-disagio-serve-sostegno-psicologico","status":"publish","type":"post","link":"https:\/\/www.messinaoggi.it\/website\/2023\/05\/30\/scuola-valditara-minacce-e-disagio-serve-sostegno-psicologico\/","title":{"rendered":"Scuola, Valditara \u201cMinacce e disagio, serve sostegno psicologico\u201d"},"content":{"rendered":"<div>ROMA (ITALPRESS) &#8211; &#8220;Nella scuola di Abbiategrasso \u00e8 avvenuto un fatto particolarmente inquietante. Ma fortunatamente non siamo a quei livelli: non vedo una diffusione di episodi simili a quelli di cui leggiamo nelle cronache dagli Stati Uniti. C&#8217;\u00e8 per\u00f2 nelle scuole un duplice problema: quello di un aumento del disagio psicologico degli adolescenti e quello dell&#8217;aumento degli episodi di bullismo, anche contro i professori&#8221;. Lo dice il ministro dell&#8217;Istruzione e del Merito, Giuseppe Valditara, in un&#8217;intervista al Corriere della Sera in merito all&#8217;insegnante accoltellata da uno studente ad Abbiategrasso.<br \/>Per il ministro &#8220;l&#8217;esperienza del Covid ha contribuito a incrinare quella relazione interpersonale che \u00e8 fondamentale nello sviluppo educativo. Si registrano dati allarmanti di minacce e persino percosse ai docenti. Gli uffici scolastici regionali ci hanno comunicato che dall&#8217;inizio dell&#8217;anno scolastico ci sono stati circa cinque casi al mese. Dove vi \u00e8 stata richiesta, abbiamo gi\u00e0 provveduto a disporre la difesa legale da parte dell&#8217;avvocatura dello Stato. Tutto questo ci deve far riflettere&#8221;.<br \/>&#8220;Credo che occorra innanzitutto ricreare nelle scuole un clima di serenit\u00e0, per valorizzare quella comunit\u00e0 educante che \u00e8 impegnata ogni giorno a sostenere e sviluppare i talenti di ogni ragazzo, facendo particolare attenzione alla personalit\u00e0 del singolo, perch\u00e8 viva il suo processo di crescita senza che questo generi ansie o, peggio ancora, situazioni drammatiche &#8211; sottolinea Valditara -. Sul tema del disagio psichico degli adolescenti soprattutto credo che debbano essere introdotte anche forme di aiuto psicologico per gli studenti che manifestino particolare disagio&#8221;.<br \/>Durante il periodo del Covid e della didattica a distanza era stato introdotto il &#8220;sostegno psicologico&#8221;. &#8220;Quella era una misura emergenziale, eccezionale che il governo Draghi aveva gi\u00e0 depotenziato riducendo significativamente il finanziamento per l&#8217;anno scolastico in corso &#8211; spiega il ministro -. Quegli interventi servivano per mitigare il disagio causato dalla reclusione domiciliare e dalla interruzione della didattica in presenza imposta dalla pandemia. La mia idea ora \u00e8 diversa: occorre pensare ad un supporto psicologico, e dove servisse anche psichiatrico, strutturato sul territorio che sia al servizio delle singole scuole e venga attivato quando ne hanno necessit\u00e0&#8221;.<div id=\"div-gpt-ad-Messinaoggi.it-DSK-300x250-corpoart\" style=\"text-align:center;margin:0 auto;\"><\/div><\/p>\n<p>&#8211; foto Agenziafotogramma.it &#8211;<div id=\"videoincontent\" style=\"clear:both\";><\/div><\/p>\n<p>(ITALPRESS).<\/p><\/div>\n","protected":false},"excerpt":{"rendered":"<p>ROMA (ITALPRESS) &#8211; &#8220;Nella scuola di Abbiategrasso \u00e8 avvenuto un fatto particolarmente inquietante. Ma fortunatamente non siamo a quei livelli: non vedo una diffusione di episodi simili a quelli di cui leggiamo nelle cronache dagli Stati Uniti. C&#8217;\u00e8 per\u00f2 nelle scuole un duplice problema: quello di un aumento del disagio psicologico degli adolescenti e quello [&hellip;]<\/p>\n","protected":false},"author":18,"featured_media":157331,"comment_status":"closed","ping_status":"closed","sticky":false,"template":"","format":"standard","meta":{"ub_ctt_via":"","_mi_skip_tracking":false},"categories":[446],"tags":[783],"featured_image_src":"https:\/\/www.messinaoggi.it\/website\/wp-content\/uploads\/2023\/05\/20230530_0075.jpg","author_info":{"display_name":"Admin","author_link":"https:\/\/www.messinaoggi.it\/website\/author\/admin\/"},"digistream_id":0,"digistream":false,"_links":{"self":[{"href":"https:\/\/www.messinaoggi.it\/website\/wp-json\/wp\/v2\/posts\/157330"}],"collection":[{"href":"https:\/\/www.messinaoggi.it\/website\/wp-json\/wp\/v2\/posts"}],"about":[{"href":"https:\/\/www.messinaoggi.it\/website\/wp-json\/wp\/v2\/types\/post"}],"author":[{"embeddable":true,"href":"https:\/\/www.messinaoggi.it\/website\/wp-json\/wp\/v2\/users\/18"}],"replies":[{"embeddable":true,"href":"https:\/\/www.messinaoggi.it\/website\/wp-json\/wp\/v2\/comments?post=157330"}],"version-history":[{"count":0,"href":"https:\/\/www.messinaoggi.it\/website\/wp-json\/wp\/v2\/posts\/157330\/revisions"}],"wp:featuredmedia":[{"embeddable":true,"href":"https:\/\/www.messinaoggi.it\/website\/wp-json\/wp\/v2\/media\/157331"}],"wp:attachment":[{"href":"https:\/\/www.messinaoggi.it\/website\/wp-json\/wp\/v2\/media?parent=157330"}],"wp:term":[{"taxonomy":"category","embeddable":true,"href":"https:\/\/www.messinaoggi.it\/website\/wp-json\/wp\/v2\/categories?post=157330"},{"taxonomy":"post_tag","embeddable":true,"href":"https:\/\/www.messinaoggi.it\/website\/wp-json\/wp\/v2\/tags?post=157330"}],"curies":[{"name":"wp","href":"https:\/\/api.w.org\/{rel}","templated":true}]}}