{"id":15721,"date":"2018-02-15T21:53:46","date_gmt":"2018-02-15T20:53:46","guid":{"rendered":"http:\/\/www.messinaoggi.it\/website\/?p=15721"},"modified":"2018-02-15T21:53:46","modified_gmt":"2018-02-15T20:53:46","slug":"basket-maschile-a1-capo-dorlando-si-separa-da-mario-delas","status":"publish","type":"post","link":"https:\/\/www.messinaoggi.it\/website\/2018\/02\/15\/basket-maschile-a1-capo-dorlando-si-separa-da-mario-delas\/","title":{"rendered":"Basket maschile A1: Capo d&#039;Orlando si &quot;separa&quot; da Mario Delas"},"content":{"rendered":"<p>Orlandina Basket\u00a0comunica di aver rescisso consensualmente l&#8217;accordo in essere con Mario Delas, che il club desidera ringraziare per l&#8217;impegno, la seriet\u00e0 professionale e l&#8217;affetto che ha dimostrato per l&#8217;Orlandina e per Capo d&#8217;Orlando. A Delas va un in bocca al lupo da parte di tutta la societ\u00e0 per il suo futuro professionale.<br \/>\n&#8220;Dal punto di vista umano queste sono decisioni che non si vorrebbero mai prendere &#8211; afferma Giuseppe Sindoni, direttore sportivo del club paladino -. Mario ha dimostrato il suo attaccamento alla maglia e le sue grandi doti morali in questo anno e mezzo di permanenza, per lo pi\u00f9 contrassegnato da momenti positivi.<br \/>\nCredo che sia una decisione positiva per tutti: noi proveremo ad avere un volto diverso alla ripresa delle attivit\u00e0, a Mario auguriamo di trovare una collocazione che gli consentir\u00e0 di giocare con maggiore serenit\u00e0 a pallacanestro ed esprimere le sue qualit\u00e0&#8221;.<div id=\"div-gpt-ad-Messinaoggi.it-DSK-300x250-corpoart\" style=\"text-align:center;margin:0 auto;\"><\/div><\/p>\n<div id=\"videoincontent\" style=\"clear:both\";><\/div>","protected":false},"excerpt":{"rendered":"<p>Orlandina Basket\u00a0comunica di aver rescisso consensualmente l&#8217;accordo in essere con Mario Delas, che il club desidera ringraziare per l&#8217;impegno, la seriet\u00e0 professionale e l&#8217;affetto che ha dimostrato per l&#8217;Orlandina e per Capo d&#8217;Orlando. A Delas va un in bocca al lupo da parte di tutta la societ\u00e0 per il suo futuro professionale. &#8220;Dal punto di [&hellip;]<\/p>\n","protected":false},"author":2,"featured_media":6532,"comment_status":"closed","ping_status":"open","sticky":false,"template":"","format":"standard","meta":{"ub_ctt_via":"","_mi_skip_tracking":false},"categories":[8,9],"tags":[],"featured_image_src":"https:\/\/www.messinaoggi.it\/website\/wp-content\/uploads\/2017\/08\/Mario-Delas-Betaland-capo-dorlando-2.jpg","author_info":{"display_name":"Redazione","author_link":"https:\/\/www.messinaoggi.it\/website\/author\/redazione\/"},"digistream_id":0,"digistream":false,"_links":{"self":[{"href":"https:\/\/www.messinaoggi.it\/website\/wp-json\/wp\/v2\/posts\/15721"}],"collection":[{"href":"https:\/\/www.messinaoggi.it\/website\/wp-json\/wp\/v2\/posts"}],"about":[{"href":"https:\/\/www.messinaoggi.it\/website\/wp-json\/wp\/v2\/types\/post"}],"author":[{"embeddable":true,"href":"https:\/\/www.messinaoggi.it\/website\/wp-json\/wp\/v2\/users\/2"}],"replies":[{"embeddable":true,"href":"https:\/\/www.messinaoggi.it\/website\/wp-json\/wp\/v2\/comments?post=15721"}],"version-history":[{"count":0,"href":"https:\/\/www.messinaoggi.it\/website\/wp-json\/wp\/v2\/posts\/15721\/revisions"}],"wp:featuredmedia":[{"embeddable":true,"href":"https:\/\/www.messinaoggi.it\/website\/wp-json\/wp\/v2\/media\/6532"}],"wp:attachment":[{"href":"https:\/\/www.messinaoggi.it\/website\/wp-json\/wp\/v2\/media?parent=15721"}],"wp:term":[{"taxonomy":"category","embeddable":true,"href":"https:\/\/www.messinaoggi.it\/website\/wp-json\/wp\/v2\/categories?post=15721"},{"taxonomy":"post_tag","embeddable":true,"href":"https:\/\/www.messinaoggi.it\/website\/wp-json\/wp\/v2\/tags?post=15721"}],"curies":[{"name":"wp","href":"https:\/\/api.w.org\/{rel}","templated":true}]}}