{"id":157128,"date":"2023-05-29T00:07:54","date_gmt":"2023-05-28T22:07:54","guid":{"rendered":"https:\/\/www.messinaoggi.it\/website\/2023\/05\/28\/pnrr-bonomi-necessarie-le-riforme-e-ricalibrare-i-progetti\/"},"modified":"2023-05-29T09:34:51","modified_gmt":"2023-05-29T07:34:51","slug":"pnrr-bonomi-necessarie-le-riforme-e-ricalibrare-i-progetti","status":"publish","type":"post","link":"https:\/\/www.messinaoggi.it\/website\/2023\/05\/29\/pnrr-bonomi-necessarie-le-riforme-e-ricalibrare-i-progetti\/","title":{"rendered":"Pnrr, Bonomi \u201cNecessarie le riforme e ricalibrare i progetti\u201d"},"content":{"rendered":"<div>TRENTO (ITALPRESS) &#8211; &#8220;Abbiamo sempre evidenziato la necessit\u00e0 di fare le riforme per avere uno Stato efficiente in grado di spendere i soldi del Pnrr, purtroppo cos\u00ec non \u00e8 stato, si \u00e8 preferito aprire tutti i cassetti dei ministeri da dove \u00e8 arrivata la qualunque&#8221;. Lo ha detto il presidente di Confindustria, Carlo Bonomi, intervenendo al Festival dell&#8217;Economia di Trento&#8221;. &#8220;L&#8217;obiettivo dei progetti deve essere quello di creare la crescita del Pil potenziale del paese, non tutti hanno questo obiettivo &#8211; ha aggiunto -, \u00e8 evidente che i progetti vanno ricalibrati, anche perch\u00e8 \u00e8 cambiato tutto il mondo, \u00e8 necessario intervenire che non \u00e8 un problema solo italiano, cinque paesi hanno gi\u00e0 cambiato il Piano, bisogna avere il coraggio di dire cose possiamo fare e su quello ricalibrare il piano puntando alla crescita del paese&#8221;. Confindustria auspica &#8220;si riescono a fare quelle riforme che questo paese aspetta da 35 anni, oggi ci sono le risorse per farle, non ci sono pi\u00f9 scuse, dalla riforma della giustizia, una riforma fiscale organica, la riforma del lavoro a 360 gradi, la strada sulle riforme \u00e8 ancora lunga&#8221;.<br \/>\n&#8220;Come imprenditori siamo abituati ogni anno a cambiare scenario, l&#8217;anno scorso avevamo il governo Draghi, ma la costante \u00e8 l&#8217;industria italiana che continua ad essere forte&#8221;, ha sottolineato Bonomi, che ha aggiunto: &#8220;Il modello industriale tedesco \u00e8 in crisi, stanno cercando una nuova dimensione, anche i francesi non stanno andando molto bene, questo ci preoccupa, avere due partner europei che stanno zoppicando non ci aiuta, abbiamo necessit\u00e0 di interventi di politica industriale europee e italiane&#8221;.<br \/>\n&#8220;Il problema non sono Cina o Stati Uniti, il problema siamo noi che non stiamo accompagnando l&#8217;industria europea con strumenti di politica industriale, prima dobbiamo fare i compiti a casa nostra, capire che l&#8217;industria europea \u00e8 strategica&#8221;, ha proseguito Bonomi, che ha aggiunto: &#8220;Se non capiamo che l&#8217;industria \u00e8 un tema strategico non metteremo mai in campo gli strumenti necessari. Abbiamo bisogno di un fondo sovrano europeo&#8221;.<br \/>\nPoi, sul Ponte sullo stretto di Messina, &#8220;Confindustria \u00e8 sempre stata a favore delle infrastrutture, siamo quindi favorevoli al Ponte sullo stretto ma non pu\u00f2 essere una infrastruttura sola, deve fare parte di un progetto di infrastrutture. Le due regioni Sicilia e Calabria hanno una forte necessit\u00e0 di infrastrutture, ben venga il Ponte ma all&#8217;interno di un piano molto corposo&#8221;.<br \/>\nE sull&#8217;emergenza climatica, &#8220;se noi vogliamo incidere sulle emissioni climatiche alteranti dobbiamo avere una governance mondiale, l&#8217;Europa ne causa solo l&#8217;8 per cento a livello globale, anche se oggi noi spegniamo tutta l&#8217;Europa si parla solo dell&#8217;8%. O noi riusciamo a metterci insieme in una governance mondiale o rischiamo di avere solo costi sociali e non benefici &#8211; ha evidenziato Bonomi -. Sul nucleare il nostro Paese ha fatto una scelta con il referendum. Oggi vorrei vedere un dibattito nel merito sulle tecnologie nucleari di nuova generazione. In Europa 13 paesi su 27 hanno delle centrali nucleari, \u00e8 un tema complesso ma bisogna fare una riflessione molto seria&#8221;.<br \/>\ncredit photo agenziafotogramma.it<br \/>\n(ITALPRESS).<\/div>\n<div id=\"div-gpt-ad-Messinaoggi.it-DSK-300x250-corpoart\" style=\"text-align:center;margin:0 auto;\"><\/div><\/p><div id=\"videoincontent\" style=\"clear:both\";><\/div>","protected":false},"excerpt":{"rendered":"<p>TRENTO (ITALPRESS) &#8211; &#8220;Abbiamo sempre evidenziato la necessit\u00e0 di fare le riforme per avere uno Stato efficiente in grado di spendere i soldi del Pnrr, purtroppo cos\u00ec non \u00e8 stato, si \u00e8 preferito aprire tutti i cassetti dei ministeri da dove \u00e8 arrivata la qualunque&#8221;. Lo ha detto il presidente di Confindustria, Carlo Bonomi, intervenendo [&hellip;]<\/p>\n","protected":false},"author":18,"featured_media":157129,"comment_status":"closed","ping_status":"closed","sticky":false,"template":"","format":"standard","meta":{"ub_ctt_via":"","_mi_skip_tracking":false},"categories":[446,6],"tags":[783],"featured_image_src":"https:\/\/www.messinaoggi.it\/website\/wp-content\/uploads\/2023\/05\/20230528_1845.jpg","author_info":{"display_name":"Admin","author_link":"https:\/\/www.messinaoggi.it\/website\/author\/admin\/"},"digistream_id":0,"digistream":false,"_links":{"self":[{"href":"https:\/\/www.messinaoggi.it\/website\/wp-json\/wp\/v2\/posts\/157128"}],"collection":[{"href":"https:\/\/www.messinaoggi.it\/website\/wp-json\/wp\/v2\/posts"}],"about":[{"href":"https:\/\/www.messinaoggi.it\/website\/wp-json\/wp\/v2\/types\/post"}],"author":[{"embeddable":true,"href":"https:\/\/www.messinaoggi.it\/website\/wp-json\/wp\/v2\/users\/18"}],"replies":[{"embeddable":true,"href":"https:\/\/www.messinaoggi.it\/website\/wp-json\/wp\/v2\/comments?post=157128"}],"version-history":[{"count":1,"href":"https:\/\/www.messinaoggi.it\/website\/wp-json\/wp\/v2\/posts\/157128\/revisions"}],"predecessor-version":[{"id":157148,"href":"https:\/\/www.messinaoggi.it\/website\/wp-json\/wp\/v2\/posts\/157128\/revisions\/157148"}],"wp:featuredmedia":[{"embeddable":true,"href":"https:\/\/www.messinaoggi.it\/website\/wp-json\/wp\/v2\/media\/157129"}],"wp:attachment":[{"href":"https:\/\/www.messinaoggi.it\/website\/wp-json\/wp\/v2\/media?parent=157128"}],"wp:term":[{"taxonomy":"category","embeddable":true,"href":"https:\/\/www.messinaoggi.it\/website\/wp-json\/wp\/v2\/categories?post=157128"},{"taxonomy":"post_tag","embeddable":true,"href":"https:\/\/www.messinaoggi.it\/website\/wp-json\/wp\/v2\/tags?post=157128"}],"curies":[{"name":"wp","href":"https:\/\/api.w.org\/{rel}","templated":true}]}}