{"id":157110,"date":"2023-05-29T00:02:54","date_gmt":"2023-05-28T22:02:54","guid":{"rendered":"https:\/\/www.messinaoggi.it\/website\/2023\/05\/28\/salto-a-ostacoli-la-sicilia-2-nella-coppa-del-presidente-di-piazza-di-siena\/"},"modified":"2023-05-29T09:35:15","modified_gmt":"2023-05-29T07:35:15","slug":"salto-a-ostacoli-la-sicilia-2-nella-coppa-del-presidente-di-piazza-di-siena","status":"publish","type":"post","link":"https:\/\/www.messinaoggi.it\/website\/2023\/05\/29\/salto-a-ostacoli-la-sicilia-2-nella-coppa-del-presidente-di-piazza-di-siena\/","title":{"rendered":"Salto a ostacoli, la Sicilia 2^ nella Coppa del Presidente di Piazza di Siena"},"content":{"rendered":"<div>\n<p>ROMA (ITALPRESS) \u2013 La Sicilia si conferma tra le regioni pi\u00f9 forti a livello giovanile nella disciplina del salto ostacoli. La squadra isolana di cavalieri e amazzoni Junior ha ottenuto oggi, domenica 28 maggio, la seconda posizione nella Coppa del Presidente Intesa Sanpaolo di Piazza di Siena. I giovani siciliani, tornati a Roma da Campioni uscenti grazie alla vittoria del 2022, non hanno mollato il podio e anzi, sono stati protagonisti di una spettacolare rimonta tra la prima e la seconda manche di gara. Dopo la terza posizione della prima giornata i ragazzi siciliani hanno recuperato un posto in classifica e conquistato la piazza d\u2019onore, bruciando sul tempo la Puglia. Agli ordini del capo equipe Bruno Nasisi, Martina Gervasi (0\/0) su Cascatina della Caccia (Horse Paradise Asd, Siracusa), Gabriel Ortisi (8\/4) su Hermosa del Colle S. Martino (Coach Equestrian Center, Augusta), Maria Vittoria Ciancico (4\/12) su Never For Get Me (C.I. Valverde; Catania), Vito Di Salvo (0\/0) su Elixir du Paradis (Riders Club, Palermo) hanno chiuso con un totale di 8 penalit\u00e0 i due percorsi previsti dal regolamento di gara. <br \/>La quinta convocata Erika Grazia Arcidiacono (44\/4) su Udin\u2019 dell\u2019Armonia (Asd Centro Ippico Cardinale, Patern\u00f2) ha effettuato la gara a titolo individuale. La vittoria \u00e8 andata alla Lombardia (0), mentre il terzo posto \u00e8 della Puglia (8). Alla Coppa del Presidente hanno preso parte 17 team in rappresentanza dei Comitati Regionali FISE d\u2019Italia. Nella Coppa delle Regioni Pony DeNiroBootCo, novit\u00e0 assoluta del programma sportivo del Galoppatoio di Villa Borghese, la squadra siciliana, sempre agli ordini del capo equipe Bruno Nasisi e composta da Edoardo Arcidiacono (8\/0) su Kantj\u00e8s Florian (Horsing Club, Palermo), Flavio Campanella (1\/17) su Pablo (Asde Villa Pensabene, Palermo), Michela Maria Cannella (4\/Elim) su Ringesheim (Asde Villa Pensabene, Palermo) e Ginevra Guastella (0\/4) su William (Equitazione Siracusana Asd, Siracusa), con 26 penalit\u00e0 ha chiuso in settima posizione. Andrea Cipolla (21\/10) su Sissi Scarlet (Asde Villa Pensabene, Palermo) ha preso parte alla gara a titolo individuale. <br \/>La vittoria anche in questa occasione \u00e8 andata alla Lombardia (0), seguita al secondo posto dal Veneto (4) e al terzo dal Lazio. Dieci in tutto i Team in campo. \u201cSalire sul podio della Coppa del Presidente Intesa Sanpaolo \u2013 ha detto Fabio Parziano, Presidente del Comitato FISE Sicilia \u2013 \u00e8 sempre un\u2019emozione indescrivibile per i ragazzi. Sono felice per loro, perch\u00e8 sono riusciti a vivere questa esperienza di vita indimenticabile. Sugli spalti \u2013 ha aggiunto soddisfatto il presidente -girava voce sul fatto che \u2018la Sicilia facesse paur\u00e0 e il risultato ha confermato le aspettative. Voglio fare i complimenti al capo equipe Bruno Nasisi e a ognuno dei componenti della squadra, perch\u00e8 sono riusciti a rimanere freddi e determinati fino alla fine della gara. Un complimento anche al Team dei pony che forse \u00e8 stato un p\u00f2 sfortunato, ma qui a Piazza di Siena per i pi\u00f9 piccoli era una prima edizione e sono sicuro che torneranno pi\u00f9 agguerriti di prima\u201d.<br \/>foto ufficio stampa FISE Sicilia<br \/>(ITALPRESS).<div id=\"div-gpt-ad-Messinaoggi.it-DSK-300x250-corpoart\" style=\"text-align:center;margin:0 auto;\"><\/div><\/p>\n<\/div>\n<div id=\"videoincontent\" style=\"clear:both\";><\/div>","protected":false},"excerpt":{"rendered":"<p>ROMA (ITALPRESS) \u2013 La Sicilia si conferma tra le regioni pi\u00f9 forti a livello giovanile nella disciplina del salto ostacoli. La squadra isolana di cavalieri e amazzoni Junior ha ottenuto oggi, domenica 28 maggio, la seconda posizione nella Coppa del Presidente Intesa Sanpaolo di Piazza di Siena. I giovani siciliani, tornati a Roma da Campioni [&hellip;]<\/p>\n","protected":false},"author":18,"featured_media":157111,"comment_status":"closed","ping_status":"closed","sticky":false,"template":"","format":"standard","meta":{"ub_ctt_via":"","_mi_skip_tracking":false},"categories":[8,2449,9],"tags":[783],"featured_image_src":"https:\/\/www.messinaoggi.it\/website\/wp-content\/uploads\/2023\/05\/20230528_0887.jpg","author_info":{"display_name":"Admin","author_link":"https:\/\/www.messinaoggi.it\/website\/author\/admin\/"},"digistream_id":0,"digistream":false,"_links":{"self":[{"href":"https:\/\/www.messinaoggi.it\/website\/wp-json\/wp\/v2\/posts\/157110"}],"collection":[{"href":"https:\/\/www.messinaoggi.it\/website\/wp-json\/wp\/v2\/posts"}],"about":[{"href":"https:\/\/www.messinaoggi.it\/website\/wp-json\/wp\/v2\/types\/post"}],"author":[{"embeddable":true,"href":"https:\/\/www.messinaoggi.it\/website\/wp-json\/wp\/v2\/users\/18"}],"replies":[{"embeddable":true,"href":"https:\/\/www.messinaoggi.it\/website\/wp-json\/wp\/v2\/comments?post=157110"}],"version-history":[{"count":1,"href":"https:\/\/www.messinaoggi.it\/website\/wp-json\/wp\/v2\/posts\/157110\/revisions"}],"predecessor-version":[{"id":157149,"href":"https:\/\/www.messinaoggi.it\/website\/wp-json\/wp\/v2\/posts\/157110\/revisions\/157149"}],"wp:featuredmedia":[{"embeddable":true,"href":"https:\/\/www.messinaoggi.it\/website\/wp-json\/wp\/v2\/media\/157111"}],"wp:attachment":[{"href":"https:\/\/www.messinaoggi.it\/website\/wp-json\/wp\/v2\/media?parent=157110"}],"wp:term":[{"taxonomy":"category","embeddable":true,"href":"https:\/\/www.messinaoggi.it\/website\/wp-json\/wp\/v2\/categories?post=157110"},{"taxonomy":"post_tag","embeddable":true,"href":"https:\/\/www.messinaoggi.it\/website\/wp-json\/wp\/v2\/tags?post=157110"}],"curies":[{"name":"wp","href":"https:\/\/api.w.org\/{rel}","templated":true}]}}