{"id":157078,"date":"2023-05-27T20:29:12","date_gmt":"2023-05-27T18:29:12","guid":{"rendered":"http:\/\/www.messinaoggi.it\/website\/?p=157078"},"modified":"2023-05-27T20:29:21","modified_gmt":"2023-05-27T18:29:21","slug":"collaudo-ok-la-funivia-pronta-a-riaprire","status":"publish","type":"post","link":"https:\/\/www.messinaoggi.it\/website\/2023\/05\/27\/collaudo-ok-la-funivia-pronta-a-riaprire\/","title":{"rendered":"Collaudo ok, la funivia pronta a riaprire"},"content":{"rendered":"\n<p>Il collaudo funzionale della funivia \u00e8 andato a buon fine a seguito dell&#8217;intervento degli Ingegneri Ansfisa, che hanno sottoposto l&#8217;impianto a tutte le verifiche e prove previste a seguito della revisione generale trentennale. Verr\u00e0 rilasciato il nullaosta a stretto giro. Verr\u00e0 emessa l&#8217;autorizzazione finale dell&#8217;assessorato Regionale ai Trasporti. Un passaggio amministrativo indispensabile alla riapertura che cercheremo di ottenere al pi\u00f9 presto possibile. A seguito delle complesse attivit\u00e0 di manutenzione, tenuto conto delle rigide norme di settore, l&#8217;impianto funiviario \u00e8 in piena sicurezza e nella prossima settimana, acquisite le formalit\u00e0 di rito, potr\u00e0 riaprire.<br>&#8220;Scusandoci per il disagio per l\u2019utenza e per il danno per le attivit\u00e0 economiche della zona &#8211; di legge in una nota del Comune &#8211; dobbiamo ribadire che la sicurezza dei passeggeri \u00e8 in assoluto la priorit\u00e0 della Asm e del Comune di Taormina. I turisti possono stare tranquilli che la superficialit\u00e0 e il calcolo commerciale verificatosi in altre parti d\u2019Italia a Taormina&#8221;. non sono di casa.<div id=\"div-gpt-ad-Messinaoggi.it-DSK-300x250-corpoart\" style=\"text-align:center;margin:0 auto;\"><\/div><\/p>\n<div id=\"videoincontent\" style=\"clear:both\";><\/div>","protected":false},"excerpt":{"rendered":"<p>Il collaudo funzionale della funivia \u00e8 andato a buon fine a seguito dell&#8217;intervento degli Ingegneri Ansfisa, che hanno sottoposto l&#8217;impianto a tutte le verifiche e prove previste a seguito della revisione generale trentennale. Verr\u00e0 rilasciato il nullaosta a stretto giro. Verr\u00e0 emessa l&#8217;autorizzazione finale dell&#8217;assessorato Regionale ai Trasporti. Un passaggio amministrativo indispensabile alla riapertura che [&hellip;]<\/p>\n","protected":false},"author":4,"featured_media":48362,"comment_status":"open","ping_status":"open","sticky":false,"template":"","format":"standard","meta":{"ub_ctt_via":"","_mi_skip_tracking":false},"categories":[3],"tags":[6784],"featured_image_src":"https:\/\/www.messinaoggi.it\/website\/wp-content\/uploads\/2020\/10\/IMG-20201025-WA0007.jpg","author_info":{"display_name":"redme","author_link":"https:\/\/www.messinaoggi.it\/website\/author\/redme\/"},"digistream_id":0,"digistream":false,"_links":{"self":[{"href":"https:\/\/www.messinaoggi.it\/website\/wp-json\/wp\/v2\/posts\/157078"}],"collection":[{"href":"https:\/\/www.messinaoggi.it\/website\/wp-json\/wp\/v2\/posts"}],"about":[{"href":"https:\/\/www.messinaoggi.it\/website\/wp-json\/wp\/v2\/types\/post"}],"author":[{"embeddable":true,"href":"https:\/\/www.messinaoggi.it\/website\/wp-json\/wp\/v2\/users\/4"}],"replies":[{"embeddable":true,"href":"https:\/\/www.messinaoggi.it\/website\/wp-json\/wp\/v2\/comments?post=157078"}],"version-history":[{"count":1,"href":"https:\/\/www.messinaoggi.it\/website\/wp-json\/wp\/v2\/posts\/157078\/revisions"}],"predecessor-version":[{"id":157079,"href":"https:\/\/www.messinaoggi.it\/website\/wp-json\/wp\/v2\/posts\/157078\/revisions\/157079"}],"wp:featuredmedia":[{"embeddable":true,"href":"https:\/\/www.messinaoggi.it\/website\/wp-json\/wp\/v2\/media\/48362"}],"wp:attachment":[{"href":"https:\/\/www.messinaoggi.it\/website\/wp-json\/wp\/v2\/media?parent=157078"}],"wp:term":[{"taxonomy":"category","embeddable":true,"href":"https:\/\/www.messinaoggi.it\/website\/wp-json\/wp\/v2\/categories?post=157078"},{"taxonomy":"post_tag","embeddable":true,"href":"https:\/\/www.messinaoggi.it\/website\/wp-json\/wp\/v2\/tags?post=157078"}],"curies":[{"name":"wp","href":"https:\/\/api.w.org\/{rel}","templated":true}]}}