{"id":157015,"date":"2023-05-27T15:08:00","date_gmt":"2023-05-27T13:08:00","guid":{"rendered":"https:\/\/www.messinaoggi.it\/website\/2023\/05\/27\/allegri-stagione-difficile-ma-europa-ancora-possibile\/"},"modified":"2023-05-27T15:08:00","modified_gmt":"2023-05-27T13:08:00","slug":"allegri-stagione-difficile-ma-europa-ancora-possibile","status":"publish","type":"post","link":"https:\/\/www.messinaoggi.it\/website\/2023\/05\/27\/allegri-stagione-difficile-ma-europa-ancora-possibile\/","title":{"rendered":"Allegri \u201cStagione difficile ma Europa ancora possibile\u201d"},"content":{"rendered":"<div>TORINO (ITALPRESS) &#8211; &#8220;E&#8217; stata una settimana difficile e non bella guardando i risultati: la delusione di Siviglia, poi la sconfitta di Empoli. Ora bisogna rialzarci&#8221;. Massimiliano Allegri prova ancora una volta a scuotere la Juve. Fuori dall&#8217;Europa League, luned\u00ec i bianconeri sono scivolati dal secondo al settimo posto dopo il -10 per la questione plusvalenze e la debacle del Castellani ha quasi tolto del tutto le speranze di Champions. &#8220;Mancano due partite alla fine della stagione, giocheremo contro il Milan in uno stadio pieno &#8211; continua il tecnico alla vigilia della sfida contro i rossoneri &#8211; Dobbiamo pensare a consolidare la classifica, quella che sul campo ci vede con 69 punti e quella che ci d\u00e0 ancora qualche speranza di andare in Europa. Farlo con dieci punti di penalizzazione sarebbe straordinario. Ma conta il presente e il presente \u00e8 domani, il finale di stagione dipende da domani. Poi prepareremo la gara di Udine che chiuder\u00e0 una stagione difficile, con molti alti e bassi e di cui fare tesoro&#8221;. Allegri non cerca alibi ma &#8220;giocare in queste condizioni non \u00e8 stato facile a livello psicologico e ai ragazzi non posso dire niente, abbiamo avuto anche tanti infortuni, muscolari ma soprattutto traumatici, eppure sul campo abbiamo una classifica migliore rispetto all&#8217;anno scorso. La Juve ha un&#8217;ottima base per l&#8217;anno prossimo&#8221;. E a proposito di futuro, nei rapporti con la propriet\u00e0 &#8220;non \u00e8 cambiato niente, quando mancano i risultati tutti ci facciamo delle domande. Ho parlato con la propriet\u00e0 4 giorni fa, Elkann ha voluto farsi sentire vicino come sempre, per farci capire che niente \u00e8 perduto. Sono state parole di sostegno che potranno solo farci bene&#8221;. Per quanto riguarda invece la sua posizione, &#8220;ho altri due anni di contratto e mi impegner\u00f2 fino alla fine perch\u00e8 la Juve l&#8217;anno prossimo torni a competere per il campionato. La stagione prossima la decideremo il 5 giugno, dovremo pianificare tutta una serie di cose, ma da questa stagione ne usciremo fortificati&#8221;. Il tecnico, poi, sulla questione Giuntoli e i presunti dissidi col club su quello che potrebbe essere il nuovo ds, precisa: &#8220;Con la societ\u00e0 siamo in linea su tutto. E&#8217; la societ\u00e0 che deve fare le scelte, dal direttore sportivo al magazziniere e sono cose su cui non ho mai messo bocca n\u00e8 veti. Sono l&#8217;allenatore, sono sempre stato abbastanza aziendalista. Con le persone che vengono messe a disposizione dalla societ\u00e0 ci collaboro, ci lavoro, i risultati vanno portati per la Juve&#8221;. <br \/>&#8211; foto LivePhotoSport &#8211; <br \/>(ITALPRESS).<\/div>\n<div id=\"div-gpt-ad-Messinaoggi.it-DSK-300x250-corpoart\" style=\"text-align:center;margin:0 auto;\"><\/div><\/p><div id=\"videoincontent\" style=\"clear:both\";><\/div>","protected":false},"excerpt":{"rendered":"<p>TORINO (ITALPRESS) &#8211; &#8220;E&#8217; stata una settimana difficile e non bella guardando i risultati: la delusione di Siviglia, poi la sconfitta di Empoli. Ora bisogna rialzarci&#8221;. Massimiliano Allegri prova ancora una volta a scuotere la Juve. Fuori dall&#8217;Europa League, luned\u00ec i bianconeri sono scivolati dal secondo al settimo posto dopo il -10 per la questione [&hellip;]<\/p>\n","protected":false},"author":18,"featured_media":157016,"comment_status":"closed","ping_status":"closed","sticky":false,"template":"","format":"standard","meta":{"ub_ctt_via":"","_mi_skip_tracking":false},"categories":[446],"tags":[783],"featured_image_src":"https:\/\/www.messinaoggi.it\/website\/wp-content\/uploads\/2023\/05\/20230527_0528.jpg","author_info":{"display_name":"Admin","author_link":"https:\/\/www.messinaoggi.it\/website\/author\/admin\/"},"digistream_id":0,"digistream":false,"_links":{"self":[{"href":"https:\/\/www.messinaoggi.it\/website\/wp-json\/wp\/v2\/posts\/157015"}],"collection":[{"href":"https:\/\/www.messinaoggi.it\/website\/wp-json\/wp\/v2\/posts"}],"about":[{"href":"https:\/\/www.messinaoggi.it\/website\/wp-json\/wp\/v2\/types\/post"}],"author":[{"embeddable":true,"href":"https:\/\/www.messinaoggi.it\/website\/wp-json\/wp\/v2\/users\/18"}],"replies":[{"embeddable":true,"href":"https:\/\/www.messinaoggi.it\/website\/wp-json\/wp\/v2\/comments?post=157015"}],"version-history":[{"count":0,"href":"https:\/\/www.messinaoggi.it\/website\/wp-json\/wp\/v2\/posts\/157015\/revisions"}],"wp:featuredmedia":[{"embeddable":true,"href":"https:\/\/www.messinaoggi.it\/website\/wp-json\/wp\/v2\/media\/157016"}],"wp:attachment":[{"href":"https:\/\/www.messinaoggi.it\/website\/wp-json\/wp\/v2\/media?parent=157015"}],"wp:term":[{"taxonomy":"category","embeddable":true,"href":"https:\/\/www.messinaoggi.it\/website\/wp-json\/wp\/v2\/categories?post=157015"},{"taxonomy":"post_tag","embeddable":true,"href":"https:\/\/www.messinaoggi.it\/website\/wp-json\/wp\/v2\/tags?post=157015"}],"curies":[{"name":"wp","href":"https:\/\/api.w.org\/{rel}","templated":true}]}}