{"id":156948,"date":"2023-05-27T00:14:05","date_gmt":"2023-05-26T22:14:05","guid":{"rendered":"http:\/\/www.messinaoggi.it\/website\/?p=156948"},"modified":"2023-05-27T10:20:57","modified_gmt":"2023-05-27T08:20:57","slug":"amministrative-32-comuni-messinesi-al-voto","status":"publish","type":"post","link":"https:\/\/www.messinaoggi.it\/website\/2023\/05\/27\/amministrative-32-comuni-messinesi-al-voto\/","title":{"rendered":"Amministrative, 32 comuni messinesi al voto"},"content":{"rendered":"\n<p>Sono 128 i comuni siciliani che il 28 e 29 maggio coinvolti nel voto per eleggere i propri sindaci e per rinnovare i Consigli comunali e circoscrizionali. I seggi saranno aperti domenica (dalle 7 alle 23) e luned\u00ec (dalle 7 alle 15). La popolazione interessata \u00e8 di 1.387.169 abitanti, di cui 301.104 anche per le elezioni dei sei Consigli circoscrizionali e dei rispettivi presidenti a Catania. In 113 centri (fino a 15 mila abitanti) si voter\u00e0 con il sistema maggioritario, in quindici comuni (nei quali l\u2019eventuale ballottaggio si terr\u00e0 l\u201911 e 12 giugno) con quello proporzionale. I consiglieri comunali da eleggere sono 1.646 e le sezioni elettorali che saranno costituite sono 1.579.<div id=\"div-gpt-ad-Messinaoggi.it-DSK-300x250-corpoart\" style=\"text-align:center;margin:0 auto;\"><\/div><\/p>\n\n\n\n<p>In provincia di Messina i comuni sono 32, tutti con sistema maggioritario: Al\u00ec, Al\u00ec Terme, Capizzi, Casalvecchio, Castel di Lucio, Castell\u2019Umberto, Fondachelli Fantina, Frazzan\u00f2, Furci, Gualtieri Sicamin\u00f2, Mazzarr\u00e0 Sant\u2019Andrea, Militello Rosmarino, Monforte Sangiorgio, Mongiuffi Melia, Montagnareale, Motta Camastra, Pace del Mela, Roccafiorita, Roccalumera, Roccavaldina, San Filippo del Mela, San Fratello, San Teodoro, Santa Domenica Vittoria, Santa Lucia del Mela, Sant\u2019Agata di Militello, Scaletta, Taormina, Tripi, Tusa, Ucria e Valdina.<div id=\"videoincontent\" style=\"clear:both\";><\/div><\/p>\n","protected":false},"excerpt":{"rendered":"<p>Sono 128 i comuni siciliani che il 28 e 29 maggio coinvolti nel voto per eleggere i propri sindaci e per rinnovare i Consigli comunali e circoscrizionali. I seggi saranno aperti domenica (dalle 7 alle 23) e luned\u00ec (dalle 7 alle 15). La popolazione interessata \u00e8 di 1.387.169 abitanti, di cui 301.104 anche per le [&hellip;]<\/p>\n","protected":false},"author":4,"featured_media":47364,"comment_status":"open","ping_status":"open","sticky":false,"template":"","format":"standard","meta":{"ub_ctt_via":"","_mi_skip_tracking":false},"categories":[6],"tags":[2426,833],"featured_image_src":"https:\/\/www.messinaoggi.it\/website\/wp-content\/uploads\/2020\/09\/20200920_184210-scaled-1.jpg","author_info":{"display_name":"redme","author_link":"https:\/\/www.messinaoggi.it\/website\/author\/redme\/"},"digistream_id":0,"digistream":false,"_links":{"self":[{"href":"https:\/\/www.messinaoggi.it\/website\/wp-json\/wp\/v2\/posts\/156948"}],"collection":[{"href":"https:\/\/www.messinaoggi.it\/website\/wp-json\/wp\/v2\/posts"}],"about":[{"href":"https:\/\/www.messinaoggi.it\/website\/wp-json\/wp\/v2\/types\/post"}],"author":[{"embeddable":true,"href":"https:\/\/www.messinaoggi.it\/website\/wp-json\/wp\/v2\/users\/4"}],"replies":[{"embeddable":true,"href":"https:\/\/www.messinaoggi.it\/website\/wp-json\/wp\/v2\/comments?post=156948"}],"version-history":[{"count":1,"href":"https:\/\/www.messinaoggi.it\/website\/wp-json\/wp\/v2\/posts\/156948\/revisions"}],"predecessor-version":[{"id":156949,"href":"https:\/\/www.messinaoggi.it\/website\/wp-json\/wp\/v2\/posts\/156948\/revisions\/156949"}],"wp:featuredmedia":[{"embeddable":true,"href":"https:\/\/www.messinaoggi.it\/website\/wp-json\/wp\/v2\/media\/47364"}],"wp:attachment":[{"href":"https:\/\/www.messinaoggi.it\/website\/wp-json\/wp\/v2\/media?parent=156948"}],"wp:term":[{"taxonomy":"category","embeddable":true,"href":"https:\/\/www.messinaoggi.it\/website\/wp-json\/wp\/v2\/categories?post=156948"},{"taxonomy":"post_tag","embeddable":true,"href":"https:\/\/www.messinaoggi.it\/website\/wp-json\/wp\/v2\/tags?post=156948"}],"curies":[{"name":"wp","href":"https:\/\/api.w.org\/{rel}","templated":true}]}}