{"id":156931,"date":"2023-05-26T19:07:53","date_gmt":"2023-05-26T17:07:53","guid":{"rendered":"https:\/\/www.messinaoggi.it\/website\/2023\/05\/26\/verstappen-guida-le-libere-a-montecarlo-ma-la-ferrari-ce\/"},"modified":"2023-05-26T19:07:53","modified_gmt":"2023-05-26T17:07:53","slug":"verstappen-guida-le-libere-a-montecarlo-ma-la-ferrari-ce","status":"publish","type":"post","link":"https:\/\/www.messinaoggi.it\/website\/2023\/05\/26\/verstappen-guida-le-libere-a-montecarlo-ma-la-ferrari-ce\/","title":{"rendered":"Verstappen guida le libere a Montecarlo ma la Ferrari c\u2019\u00e8"},"content":{"rendered":"<div>MONTECARLO (MONACO) (ITALPRESS) &#8211; Il due volte campione del mondo Max Verstappen guida il venerd\u00ec di libere sul tracciato di Montecarlo. L&#8217;olandese della Red Bull firma il miglior tempo di giornata fermando il cronometro a 1&#8217;12&#8243;462 nella sessione pomeridiana. Buone notizie per\u00f2 dalla Ferrari. Se al mattino era stato Carlos Sainz a mettere tutti in fila (1&#8217;13&#8243;372, solo Fernando Alonso era riuscito a tenersi sotto l&#8217;1&#8217;14&#8221;), nella seconda sessione entrambe le Rosse restano in scia a Verstappen: Charles Leclerc \u00e8 pi\u00f9 lento di appena 65 millesimi, 107 quelli accusati da Sainz, finito per\u00f2 anche a muro alle Piscine. Le FP2 vedono comunque tutti migliorarsi: quarto tempo per l&#8217;Aston Martin di Fernando Alonso (+0&#8243;220 rispetto a Verstappen), poi Lando Norris con la McLaren (+0&#8243;444), sesto Lewis Hamilton con la Mercedes (+0&#8243;498). Settima l&#8217;altra Red Bull, quella di Sergio Perez (+0&#8243;529), che precede Valtteri Bottas su Alfa Romeo (+0&#8243;588) e le Alpine di Pierre Gasly (+0&#8243;627), ed Esteban Ocon (+0&#8243;700).<br \/>&#8211; foto LivePhotoSport &#8211; <br \/>(ITALPRESS).<\/div>\n<div id=\"div-gpt-ad-Messinaoggi.it-DSK-300x250-corpoart\" style=\"text-align:center;margin:0 auto;\"><\/div><\/p><div id=\"videoincontent\" style=\"clear:both\";><\/div>","protected":false},"excerpt":{"rendered":"<p>MONTECARLO (MONACO) (ITALPRESS) &#8211; Il due volte campione del mondo Max Verstappen guida il venerd\u00ec di libere sul tracciato di Montecarlo. L&#8217;olandese della Red Bull firma il miglior tempo di giornata fermando il cronometro a 1&#8217;12&#8243;462 nella sessione pomeridiana. Buone notizie per\u00f2 dalla Ferrari. Se al mattino era stato Carlos Sainz a mettere tutti in [&hellip;]<\/p>\n","protected":false},"author":18,"featured_media":156932,"comment_status":"closed","ping_status":"closed","sticky":false,"template":"","format":"standard","meta":{"ub_ctt_via":"","_mi_skip_tracking":false},"categories":[446],"tags":[783],"featured_image_src":"https:\/\/www.messinaoggi.it\/website\/wp-content\/uploads\/2023\/05\/20230526_1961.jpg","author_info":{"display_name":"Admin","author_link":"https:\/\/www.messinaoggi.it\/website\/author\/admin\/"},"digistream_id":0,"digistream":false,"_links":{"self":[{"href":"https:\/\/www.messinaoggi.it\/website\/wp-json\/wp\/v2\/posts\/156931"}],"collection":[{"href":"https:\/\/www.messinaoggi.it\/website\/wp-json\/wp\/v2\/posts"}],"about":[{"href":"https:\/\/www.messinaoggi.it\/website\/wp-json\/wp\/v2\/types\/post"}],"author":[{"embeddable":true,"href":"https:\/\/www.messinaoggi.it\/website\/wp-json\/wp\/v2\/users\/18"}],"replies":[{"embeddable":true,"href":"https:\/\/www.messinaoggi.it\/website\/wp-json\/wp\/v2\/comments?post=156931"}],"version-history":[{"count":0,"href":"https:\/\/www.messinaoggi.it\/website\/wp-json\/wp\/v2\/posts\/156931\/revisions"}],"wp:featuredmedia":[{"embeddable":true,"href":"https:\/\/www.messinaoggi.it\/website\/wp-json\/wp\/v2\/media\/156932"}],"wp:attachment":[{"href":"https:\/\/www.messinaoggi.it\/website\/wp-json\/wp\/v2\/media?parent=156931"}],"wp:term":[{"taxonomy":"category","embeddable":true,"href":"https:\/\/www.messinaoggi.it\/website\/wp-json\/wp\/v2\/categories?post=156931"},{"taxonomy":"post_tag","embeddable":true,"href":"https:\/\/www.messinaoggi.it\/website\/wp-json\/wp\/v2\/tags?post=156931"}],"curies":[{"name":"wp","href":"https:\/\/api.w.org\/{rel}","templated":true}]}}