{"id":156885,"date":"2023-05-26T16:32:53","date_gmt":"2023-05-26T14:32:53","guid":{"rendered":"https:\/\/www.messinaoggi.it\/website\/2023\/05\/26\/convegno-il-tennis-allunga-la-vita-al-ct-palermo\/"},"modified":"2023-05-26T16:32:53","modified_gmt":"2023-05-26T14:32:53","slug":"convegno-il-tennis-allunga-la-vita-al-ct-palermo","status":"publish","type":"post","link":"https:\/\/www.messinaoggi.it\/website\/2023\/05\/26\/convegno-il-tennis-allunga-la-vita-al-ct-palermo\/","title":{"rendered":"Convegno \u201cIl tennis allunga la vita\u201d al CT Palermo"},"content":{"rendered":"<div>\n<p>PALERMO (ITALPRESS) \u2013 Medicina e sport a braccetto per una corretta pratica motoria. Si aprir\u00e0 domani, sabato 27 maggio alle 14,30, nei locali del Circolo tennis Palermo di via del Fante, un convegno nazionale su tema \u201cIl tennis allunga la vita\u201d in ricordo del dirigente della Federtennis nazionale e maestro di tennis palermitano, Gabriele Palpacelli. I lavori del convegno rappresenteranno anche un evento di crediti formativi per gli iscritti all\u2019albo dei giornalisti. A presiedere il convegno sar\u00e0 il medico sportivo Angelo Giglio, mentre Emilio Sodano sar\u00e0 il presidente del Comitato scientifico. I lavori congressuali della prima sessione saranno aperti sabato alle 14,30 dall\u2019argomento \u201cAttivit\u00e0 sportiva in sicurezza\u201d moderati da Rosario Barone e Marcello Traina. La seconda sessione pomeridiana verter\u00e0 sul \u201cRuolo del giornalismo per una sanit\u00e0 moderna\u201d con moderatori Emilio Sodano e Giuseppe Cibelli. Tra i temi a seguire, in particolare quello sul \u201cgesto tecnico\u201d trattato dal tecnico nazionale della Federtennis, Michelangelo Dell\u2019Edera del progetto \u201cRacchette in classe\u201d. La terza sessione, quella di domenica mattina verter\u00e0 su traumatologia, riabilitazione e nutrizione del tennista, i cui moderatori saranno, Salvatore Corrao e Vittorio Virz\u00ec. Il convegno \u00e8 stato presentato oggi al Circolo Tennis Palermo alla presenza tra gli altri del presidente del club di via del Fante, Giorgio Lo Cascio, del presidente regionale della Federtennis e padel, Giorgio Giordano e del deputato questore all\u2019Assemblea Siciliana, Vincenzo Figuccia.  <br \/>\u2013 Foto Ufficio Stampa CT Palermo \u2013<br \/>(ITALPRESS).<div id=\"div-gpt-ad-Messinaoggi.it-DSK-300x250-corpoart\" style=\"text-align:center;margin:0 auto;\"><\/div><\/p>\n<\/div>\n<div id=\"videoincontent\" style=\"clear:both\";><\/div>","protected":false},"excerpt":{"rendered":"<p>PALERMO (ITALPRESS) \u2013 Medicina e sport a braccetto per una corretta pratica motoria. Si aprir\u00e0 domani, sabato 27 maggio alle 14,30, nei locali del Circolo tennis Palermo di via del Fante, un convegno nazionale su tema \u201cIl tennis allunga la vita\u201d in ricordo del dirigente della Federtennis nazionale e maestro di tennis palermitano, Gabriele Palpacelli. [&hellip;]<\/p>\n","protected":false},"author":18,"featured_media":156886,"comment_status":"closed","ping_status":"closed","sticky":false,"template":"","format":"standard","meta":{"ub_ctt_via":"","_mi_skip_tracking":false},"categories":[2449],"tags":[783],"featured_image_src":"https:\/\/www.messinaoggi.it\/website\/wp-content\/uploads\/2023\/05\/20230526_1506.jpg","author_info":{"display_name":"Admin","author_link":"https:\/\/www.messinaoggi.it\/website\/author\/admin\/"},"digistream_id":0,"digistream":false,"_links":{"self":[{"href":"https:\/\/www.messinaoggi.it\/website\/wp-json\/wp\/v2\/posts\/156885"}],"collection":[{"href":"https:\/\/www.messinaoggi.it\/website\/wp-json\/wp\/v2\/posts"}],"about":[{"href":"https:\/\/www.messinaoggi.it\/website\/wp-json\/wp\/v2\/types\/post"}],"author":[{"embeddable":true,"href":"https:\/\/www.messinaoggi.it\/website\/wp-json\/wp\/v2\/users\/18"}],"replies":[{"embeddable":true,"href":"https:\/\/www.messinaoggi.it\/website\/wp-json\/wp\/v2\/comments?post=156885"}],"version-history":[{"count":0,"href":"https:\/\/www.messinaoggi.it\/website\/wp-json\/wp\/v2\/posts\/156885\/revisions"}],"wp:featuredmedia":[{"embeddable":true,"href":"https:\/\/www.messinaoggi.it\/website\/wp-json\/wp\/v2\/media\/156886"}],"wp:attachment":[{"href":"https:\/\/www.messinaoggi.it\/website\/wp-json\/wp\/v2\/media?parent=156885"}],"wp:term":[{"taxonomy":"category","embeddable":true,"href":"https:\/\/www.messinaoggi.it\/website\/wp-json\/wp\/v2\/categories?post=156885"},{"taxonomy":"post_tag","embeddable":true,"href":"https:\/\/www.messinaoggi.it\/website\/wp-json\/wp\/v2\/tags?post=156885"}],"curies":[{"name":"wp","href":"https:\/\/api.w.org\/{rel}","templated":true}]}}