{"id":156825,"date":"2023-05-26T10:21:46","date_gmt":"2023-05-26T08:21:46","guid":{"rendered":"http:\/\/www.messinaoggi.it\/website\/?p=156825"},"modified":"2023-05-26T10:23:32","modified_gmt":"2023-05-26T08:23:32","slug":"majorana-e-libera-insieme-contro-la-poverta-educativa","status":"publish","type":"post","link":"https:\/\/www.messinaoggi.it\/website\/2023\/05\/26\/majorana-e-libera-insieme-contro-la-poverta-educativa\/","title":{"rendered":"Majorana e Libera insieme contro la povert\u00e0 educativa"},"content":{"rendered":"\n<p>Nei locali dell\u2019Istituto Majorana &#8211; I.I.S. Verona Trento, si \u00e8 svolto l\u2019evento conclusivo del progetto \u201cLiberi di crescere \u2013 Rete ad alta densit\u00e0 educativa\u201d. Il progetto, promosso a livello nazionale dall\u2019Associazione \u201cLibera contro le mafie\u201d, \u00e8 stato svolto in undici scuole di cinque province: Torino, Salerno, Palermo, Genova e Messina. <div id=\"div-gpt-ad-Messinaoggi.it-DSK-300x250-corpoart\" style=\"text-align:center;margin:0 auto;\"><\/div><\/p>\n\n\n\n<p>Ha coinvolto studenti, docenti e famiglie, \u201cper contrastare la povert\u00e0 educativa, che rimette al centro la scuola come luogo di crescita e presa di consapevolezza, attraverso azioni di ascolto, confronto e dialogo\u201d. Nella citt\u00e0 dello Stretto, dove \u00e8 stato coordinato dalla cooperativa EcoS-Med, le attivit\u00e0 sono state realizzate nell\u2019istituto comprensivo \u201cCatalfamo\u201d e nella sede del Majorana dell\u2019istituto Verona Trento. Il progetto, avviato nel 2019, ha operato in diversi ambiti educativi: i docenti hanno partecipato ad attivit\u00e0 formative e ai laboratori di autoanalisi, guidati da <strong>Amico Dolci, <\/strong>figlio del noto sociologo <strong>Danilo Dolci.<\/strong> <div id=\"videoincontent\" style=\"clear:both\";><\/div><\/p>\n\n\n\n<p>Gli studenti sono stati coinvolti nelle attivit\u00e0 di supporto alla didattica, nello sportello di ascolto ma anche nella rigenerazione degli spazi. Per i ragazzi \u00e8 stata un\u2019esperienza entusiasmante che li ha resi protagonisti di un cambiamento tangibile. <\/p>\n\n\n\n<figure class=\"wp-block-image size-large\"><img loading=\"lazy\" width=\"1024\" height=\"765\" src=\"http:\/\/www.messinaoggi.it\/website\/wp-content\/uploads\/2023\/05\/Liberi-di-crescere-3-1024x765.jpeg\" alt=\"\" class=\"wp-image-156826\" srcset=\"https:\/\/www.messinaoggi.it\/website\/wp-content\/uploads\/2023\/05\/Liberi-di-crescere-3-1024x765.jpeg 1024w, https:\/\/www.messinaoggi.it\/website\/wp-content\/uploads\/2023\/05\/Liberi-di-crescere-3-300x224.jpeg 300w, https:\/\/www.messinaoggi.it\/website\/wp-content\/uploads\/2023\/05\/Liberi-di-crescere-3-768x574.jpeg 768w, https:\/\/www.messinaoggi.it\/website\/wp-content\/uploads\/2023\/05\/Liberi-di-crescere-3-1536x1148.jpeg 1536w, https:\/\/www.messinaoggi.it\/website\/wp-content\/uploads\/2023\/05\/Liberi-di-crescere-3.jpeg 1600w\" sizes=\"(max-width: 1024px) 100vw, 1024px\" \/><\/figure>\n\n\n\n<p>Grazie agli architetti del progetto, ai docenti coinvolti, al personale ATA e alle capacit\u00e0 degli studenti, due aule dell\u2019istituto Majorana sono state rinnovate e ri-destinate: in particolare \u00e8 stato creato un laboratorio di saldatura. Nel mese di maggio, grazie al progetto, sono state effettuate anche delle uscite sul territorio. A Roccavaldina i ragazzi hanno visitato un polo di produzione di bioplastiche (ottenute dagli scarti della produzione di birra) che vedr\u00e0 la luce nei prossimi mesi. <\/p>\n\n\n\n<p>\u201cGli studenti\u201d &#8211; ha spiegato <strong>Salvo Rizzo <\/strong>&#8211; responsabile per EcoS-MEd del progetto, hanno potuto constatare come sia possibile fare impresa al sud, investendo nella ricerca e sull\u2019economia circolare, ma soprattutto dando ai giovani del territorio l\u2019opportunit\u00e0 di trovare un lavoro senza dover lasciare la propria terra\u201d. <\/p>\n\n\n\n<p>Nella giornata conclusiva del progetto gli studenti hanno accolto <strong>Pietro Campagna, <\/strong>fratello di Graziella, uccisa dalla mafia nel 1985. <\/p>\n\n\n\n<p>\u201cAbbiamo deciso di concludere il nostro progetto &#8211; racconta <strong>Tiziana Tracuzzi,<\/strong> responsabile di Libera a Messina &#8211; invitando Pietro perch\u00e9 lui e la sua famiglia sono un esempio positivo di quell\u2019impegno contro le mafie e per la giustizia sociale che cerchiamo di portare avanti, soprattutto tra le nuove generazioni\u201d. <\/p>\n\n\n\n<figure class=\"wp-block-image size-large\"><img loading=\"lazy\" width=\"1024\" height=\"858\" src=\"http:\/\/www.messinaoggi.it\/website\/wp-content\/uploads\/2023\/05\/Liberi-di-crescere-2-1024x858.jpeg\" alt=\"\" class=\"wp-image-156827\" srcset=\"https:\/\/www.messinaoggi.it\/website\/wp-content\/uploads\/2023\/05\/Liberi-di-crescere-2-1024x858.jpeg 1024w, https:\/\/www.messinaoggi.it\/website\/wp-content\/uploads\/2023\/05\/Liberi-di-crescere-2-300x251.jpeg 300w, https:\/\/www.messinaoggi.it\/website\/wp-content\/uploads\/2023\/05\/Liberi-di-crescere-2-768x643.jpeg 768w, https:\/\/www.messinaoggi.it\/website\/wp-content\/uploads\/2023\/05\/Liberi-di-crescere-2.jpeg 1188w\" sizes=\"(max-width: 1024px) 100vw, 1024px\" \/><figcaption>Tiziana Tracuzzi, referente di Libera a Messina<\/figcaption><\/figure>\n\n\n\n<p>\u201cInoltre, lo scorso 21 marzo, nella Giornata della memoria e dell\u2019impegno in ricordo delle vittime innocenti delle mafie\u201d &#8211; ha aggiunto la prof.ssa <strong>Francesca Giliberto<\/strong> &#8211; abbiamo proposto la visione del film \u201cLa vita rubata\u201d e abbiamo notato che i ragazzi erano molto colpiti e ci ponevano delle domande. Da qui l\u2019idea di farli parlare con chi ha vissuto in prima persona la tragedia raccontata nel film\u201d. <\/p>\n\n\n\n<p>Gli studenti hanno seguito con attenzione e partecipazione il racconto sofferto di Pietro Campagna, che non solo ha perso la giovane sorella, ma ha lottato per anni per avere una giustizia solo parziale, e ha pagato sulla sua pelle la ricerca instancabile della verit\u00e0.<\/p>\n","protected":false},"excerpt":{"rendered":"<p>Nei locali dell\u2019Istituto Majorana &#8211; I.I.S. Verona Trento, si \u00e8 svolto l\u2019evento conclusivo del progetto \u201cLiberi di crescere \u2013 Rete ad alta densit\u00e0 educativa\u201d. Il progetto, promosso a livello nazionale dall\u2019Associazione \u201cLibera contro le mafie\u201d, \u00e8 stato svolto in undici scuole di cinque province: Torino, Salerno, Palermo, Genova e Messina. Ha coinvolto studenti, docenti e [&hellip;]<\/p>\n","protected":false},"author":15,"featured_media":156828,"comment_status":"open","ping_status":"open","sticky":false,"template":"","format":"standard","meta":{"ub_ctt_via":"","_mi_skip_tracking":false},"categories":[5],"tags":[994,7949,7948,7951,7950],"featured_image_src":"https:\/\/www.messinaoggi.it\/website\/wp-content\/uploads\/2023\/05\/Liberi-di-crescere-1.jpeg","author_info":{"display_name":"red.me","author_link":"https:\/\/www.messinaoggi.it\/website\/author\/red-me\/"},"digistream_id":0,"digistream":false,"_links":{"self":[{"href":"https:\/\/www.messinaoggi.it\/website\/wp-json\/wp\/v2\/posts\/156825"}],"collection":[{"href":"https:\/\/www.messinaoggi.it\/website\/wp-json\/wp\/v2\/posts"}],"about":[{"href":"https:\/\/www.messinaoggi.it\/website\/wp-json\/wp\/v2\/types\/post"}],"author":[{"embeddable":true,"href":"https:\/\/www.messinaoggi.it\/website\/wp-json\/wp\/v2\/users\/15"}],"replies":[{"embeddable":true,"href":"https:\/\/www.messinaoggi.it\/website\/wp-json\/wp\/v2\/comments?post=156825"}],"version-history":[{"count":1,"href":"https:\/\/www.messinaoggi.it\/website\/wp-json\/wp\/v2\/posts\/156825\/revisions"}],"predecessor-version":[{"id":156829,"href":"https:\/\/www.messinaoggi.it\/website\/wp-json\/wp\/v2\/posts\/156825\/revisions\/156829"}],"wp:featuredmedia":[{"embeddable":true,"href":"https:\/\/www.messinaoggi.it\/website\/wp-json\/wp\/v2\/media\/156828"}],"wp:attachment":[{"href":"https:\/\/www.messinaoggi.it\/website\/wp-json\/wp\/v2\/media?parent=156825"}],"wp:term":[{"taxonomy":"category","embeddable":true,"href":"https:\/\/www.messinaoggi.it\/website\/wp-json\/wp\/v2\/categories?post=156825"},{"taxonomy":"post_tag","embeddable":true,"href":"https:\/\/www.messinaoggi.it\/website\/wp-json\/wp\/v2\/tags?post=156825"}],"curies":[{"name":"wp","href":"https:\/\/api.w.org\/{rel}","templated":true}]}}