{"id":156815,"date":"2023-05-26T09:35:04","date_gmt":"2023-05-26T07:35:04","guid":{"rendered":"http:\/\/www.messinaoggi.it\/website\/?p=156815"},"modified":"2023-05-26T09:37:59","modified_gmt":"2023-05-26T07:37:59","slug":"il-decreto-ponte-e-legge-noponte-lotteremo-contro-questo-progetto","status":"publish","type":"post","link":"https:\/\/www.messinaoggi.it\/website\/2023\/05\/26\/il-decreto-ponte-e-legge-noponte-lotteremo-contro-questo-progetto\/","title":{"rendered":"Il decreto Ponte \u00e8 legge, Noponte: &#8220;Lotteremo contro questo progetto&#8221;"},"content":{"rendered":"\n<p>Con l&#8217;approvazione di ieri anche al Senato del decreto di conversione in legge, adesso decreto sulla realizzazione del ponte sullo Stretto \u00e8 legge. Le associazioni contrarie alla realizzazione dell&#8217;opera si sono gi\u00e0 dichiarate pronte a manifestare per impedire di realizzare questa infrastruttura. &#8220;Non ci intimorisce n\u00e9 ci impedisce di continuare la lotta contro il ponte l&#8217;approvazione di ieri al Senato della conversione in legge del decreto sull&#8217;attraversamento stabile della stretto&#8221;, dichiara il movimento Noponte.<div id=\"div-gpt-ad-Messinaoggi.it-DSK-300x250-corpoart\" style=\"text-align:center;margin:0 auto;\"><\/div><\/p>\n\n\n\n<p>&#8220;Anzi, &#8211; prosegue &#8211; riteniamo che mai come ora chi \u00e8 contrario al ponte debba scendere in piazza per gridare il proprio no ad un&#8217;opera che devasterebbe i territori dell&#8217;area dello stretto sfregiando un monumento naturale come lo Stretto di Messina, scrigno di biodiversit\u00e0 e risorse naturali che la stessa Costituzione Italiana tutela nel novellato articolo 9.<div id=\"videoincontent\" style=\"clear:both\";><\/div><\/p>\n\n\n\n<p>&#8220;Per questo <strong>abbiamo indetto per sabato giugno ore 17.30 a Torre Faro un corteo per gridare NO al Ponte<\/strong> ed invitiamo in primo luogo la popolazione dell\u2019area dello Stretto, l&#8217;associazionismo ambientalista, comitati e movimenti a difesa dei territori e dei beni comuni, tutte\/i\/ a livello locale, nazionale ed internazionale, a sottoscrivere l&#8217;appello per continuare con noi la lotta contro il progetto del ponte.<\/p>\n\n\n\n<p>&#8220;Il nostro obiettivo \u00e8 salvaguardare e difendere la bellezza, l\u2019integrit\u00e0, l\u2019identit\u00e0 dei nostri territori dal mostro di cemento ed acciaio che si vuole costruire sulle due sponde dello Stretto, per uno sviluppo eco-compatibile che valorizzi le vocazioni del territorio&#8221;.<\/p>\n","protected":false},"excerpt":{"rendered":"<p>Con l&#8217;approvazione di ieri anche al Senato del decreto di conversione in legge, adesso decreto sulla realizzazione del ponte sullo Stretto \u00e8 legge. Le associazioni contrarie alla realizzazione dell&#8217;opera si sono gi\u00e0 dichiarate pronte a manifestare per impedire di realizzare questa infrastruttura. &#8220;Non ci intimorisce n\u00e9 ci impedisce di continuare la lotta contro il ponte [&hellip;]<\/p>\n","protected":false},"author":8,"featured_media":151212,"comment_status":"open","ping_status":"open","sticky":false,"template":"","format":"standard","meta":{"ub_ctt_via":"","_mi_skip_tracking":false},"categories":[7567],"tags":[7042,7944],"featured_image_src":"https:\/\/www.messinaoggi.it\/website\/wp-content\/uploads\/2023\/04\/Ponte-Stretto-notte.jpg","author_info":{"display_name":"red..me","author_link":"https:\/\/www.messinaoggi.it\/website\/author\/redstage\/"},"digistream_id":0,"digistream":false,"_links":{"self":[{"href":"https:\/\/www.messinaoggi.it\/website\/wp-json\/wp\/v2\/posts\/156815"}],"collection":[{"href":"https:\/\/www.messinaoggi.it\/website\/wp-json\/wp\/v2\/posts"}],"about":[{"href":"https:\/\/www.messinaoggi.it\/website\/wp-json\/wp\/v2\/types\/post"}],"author":[{"embeddable":true,"href":"https:\/\/www.messinaoggi.it\/website\/wp-json\/wp\/v2\/users\/8"}],"replies":[{"embeddable":true,"href":"https:\/\/www.messinaoggi.it\/website\/wp-json\/wp\/v2\/comments?post=156815"}],"version-history":[{"count":3,"href":"https:\/\/www.messinaoggi.it\/website\/wp-json\/wp\/v2\/posts\/156815\/revisions"}],"predecessor-version":[{"id":156819,"href":"https:\/\/www.messinaoggi.it\/website\/wp-json\/wp\/v2\/posts\/156815\/revisions\/156819"}],"wp:featuredmedia":[{"embeddable":true,"href":"https:\/\/www.messinaoggi.it\/website\/wp-json\/wp\/v2\/media\/151212"}],"wp:attachment":[{"href":"https:\/\/www.messinaoggi.it\/website\/wp-json\/wp\/v2\/media?parent=156815"}],"wp:term":[{"taxonomy":"category","embeddable":true,"href":"https:\/\/www.messinaoggi.it\/website\/wp-json\/wp\/v2\/categories?post=156815"},{"taxonomy":"post_tag","embeddable":true,"href":"https:\/\/www.messinaoggi.it\/website\/wp-json\/wp\/v2\/tags?post=156815"}],"curies":[{"name":"wp","href":"https:\/\/api.w.org\/{rel}","templated":true}]}}